{"id":8171,"date":"2017-04-27T15:27:40","date_gmt":"2017-04-27T15:27:40","guid":{"rendered":""},"modified":"2017-04-27T15:27:40","modified_gmt":"2017-04-27T15:27:40","slug":"en-2050-oceanos-tendran-mas-plasticos-que-peces","status":"publish","type":"post","link":"https:\/\/sertv.gob.pa\/crisolfm\/en-2050-oceanos-tendran-mas-plasticos-que-peces\/","title":{"rendered":"En 2050 oc\u00e9anos tendr\u00e1n m\u00e1s pl\u00e1sticos que peces"},"content":{"rendered":"<p>\nPara el a\u00f1o 2050, a menos que se haga algo, habr\u00e1 m\u00e1s pl\u00e1stico en los oc\u00e9anos que peces, alert\u00f3 el comisionado europeo para Medio Ambiente, Asuntos Mar\u00edtimos y Pesca, Karmenu Vella, en una reuni\u00f3n informal de Ministros de Medio Ambiente. <\/p>\n<p>El pl\u00e1stico est\u00e1 da\u00f1ando a los oc\u00e9anos m\u00e1s que cualquier otra cosa, manifest\u00f3, y agreg\u00f3 que alrededor \u00a0de 70% de esos productos terminan en los oc\u00e9anos. <\/p>\n<p>Vella se\u00f1al\u00f3 que la Comisi\u00f3n de la Uni\u00f3n Europea est\u00e1 trabajando en un documento sobre manejo de desechos, el cual estar\u00e1 listo para fines de 2017. Adem\u00e1s, para fines de a\u00f1o se desarrollar\u00e1 una estrategia sobre pl\u00e1sticos. <\/p>\n<p>El comisionado declar\u00f3 que el costo de la limpieza y la degradaci\u00f3n del medio ambiente son preocupaciones significativas que deben tomarse en cuenta en discusiones y decisiones. La monitorizaci\u00f3n de las emisiones de gases productores del efecto invernadero por parte del sector naviero igualmente se halla en la agenda, indic\u00f3. <\/p>\n<p>Vella expres\u00f3 que es crucial emprender acciones para disminuir el uso del pl\u00e1stico. <\/p>\n<p>\u00a0 <\/p>\n","protected":false},"excerpt":{"rendered":"<p>Para el a\u00f1o 2050, a menos que se haga algo, <a href=\"https:\/\/sertv.gob.pa\/crisolfm\/en-2050-oceanos-tendran-mas-plasticos-que-peces\/\"> [&#8230;]<\/a><\/p>\n","protected":false},"author":1,"featured_media":8172,"comment_status":"closed","ping_status":"closed","sticky":false,"template":"","format":"standard","meta":{"footnotes":""},"categories":[7],"tags":[],"class_list":["post-8171","post","type-post","status-publish","format-standard","has-post-thumbnail","hentry","category-ecologicas"],"_links":{"self":[{"href":"https:\/\/sertv.gob.pa\/crisolfm\/wp-json\/wp\/v2\/posts\/8171","targetHints":{"allow":["GET"]}}],"collection":[{"href":"https:\/\/sertv.gob.pa\/crisolfm\/wp-json\/wp\/v2\/posts"}],"about":[{"href":"https:\/\/sertv.gob.pa\/crisolfm\/wp-json\/wp\/v2\/types\/post"}],"author":[{"embeddable":true,"href":"https:\/\/sertv.gob.pa\/crisolfm\/wp-json\/wp\/v2\/users\/1"}],"replies":[{"embeddable":true,"href":"https:\/\/sertv.gob.pa\/crisolfm\/wp-json\/wp\/v2\/comments?post=8171"}],"version-history":[{"count":0,"href":"https:\/\/sertv.gob.pa\/crisolfm\/wp-json\/wp\/v2\/posts\/8171\/revisions"}],"wp:featuredmedia":[{"embeddable":true,"href":"https:\/\/sertv.gob.pa\/crisolfm\/wp-json\/wp\/v2\/media\/8172"}],"wp:attachment":[{"href":"https:\/\/sertv.gob.pa\/crisolfm\/wp-json\/wp\/v2\/media?parent=8171"}],"wp:term":[{"taxonomy":"category","embeddable":true,"href":"https:\/\/sertv.gob.pa\/crisolfm\/wp-json\/wp\/v2\/categories?post=8171"},{"taxonomy":"post_tag","embeddable":true,"href":"https:\/\/sertv.gob.pa\/crisolfm\/wp-json\/wp\/v2\/tags?post=8171"}],"curies":[{"name":"wp","href":"https:\/\/api.w.org\/{rel}","templated":true}]}}