{"id":8181,"date":"2017-04-28T15:18:31","date_gmt":"2017-04-28T15:18:31","guid":{"rendered":""},"modified":"2017-04-28T15:18:31","modified_gmt":"2017-04-28T15:18:31","slug":"contra-los-proyectos-de-extraccion-ambientalistas-unen-esfuerzos","status":"publish","type":"post","link":"https:\/\/sertv.gob.pa\/crisolfm\/contra-los-proyectos-de-extraccion-ambientalistas-unen-esfuerzos\/","title":{"rendered":"Contra los proyectos de extracci\u00f3n ambientalistas unen esfuerzos"},"content":{"rendered":"<p>\nAl menos cinco organizaciones ambientalistas de Centroam\u00e9rica lanzaron este jueves, en Nicaragua, un proyecto de intercambio de experiencias para &lsquo;defender&#8217; el medio ambiente frente a proyectos de extracci\u00f3n de materias primas. <\/p>\n<p>Las ONG de El Salvador, Guatemala, Honduras y Nicaragua, m\u00e1s una alemana, buscan coordinarse en la &ldquo;defensa de nuestros territorios, sobre todo aquellos que se encuentran en concesiones por la industria minera y en los que hemos identificado violaciones a los derechos humanos&rdquo;, manifest\u00f3 la oficial de Miner\u00eda del nicarag\u00fcense Centro Humboldt, Heizel T\u00f3rrez. <\/p>\n<p>El grupo hizo el anuncio durante el foro regional titulado &lsquo;Impactos y desaf\u00edos de la miner\u00eda met\u00e1lica en Am\u00e9rica Central&#8217;, que empez\u00f3 ayer jueves y concluir\u00e1 hoy en Managua. <\/p>\n<p>Los l\u00edderes de las organizaciones coinciden en que el aporte de la industria minera a la econom\u00eda centroamericana, que ellos calculan en el 1% del Producto Interno Bruto (PIB) regional, es poco en comparaci\u00f3n con sus efectos negativos. <\/p>\n<p>La Asociaci\u00f3n para el Desarrollo de El Salvador (Cripdes) refiri\u00f3 que la miner\u00eda desestabiliz\u00f3 a las comunidades donde hubo concesiones antes de que el Congreso de ese pa\u00eds aprobara una ley que proh\u00edbe la extracci\u00f3n de minerales, el 29 de marzo pasado. El Colectivo Madre Selva, de Guatemala, denunci\u00f3 problemas de acceso al agua a causa de las concesiones mineras, as\u00ed como de monocultivos e hidroel\u00e9ctricas. <\/p>\n<p>El Equipo de Reflexi\u00f3n, Investigaci\u00f3n y Comunicaci\u00f3n (ERIC-SJ), de Honduras, afirm\u00f3 que 123 muertes en los \u00faltimos ocho a\u00f1os en conflictos relacionados con la defensa del medio ambiente son el reflejo de &lsquo;una nueva guerra de baja intensidad&#8217;. <\/p>\n<p>En tanto, los nicarag\u00fcenses hicieron \u00e9nfasis en la p\u00e9rdida de bosques y la pobreza extrema en zonas donde se desarrollan extracciones mineras. <\/p>\n<p>Los Gobiernos de estos pa\u00edses han otorgado un total de 1.118 concesiones para extracci\u00f3n minera y en los casos de Guatemala y Honduras abarcan el 30% de su territorio, seg\u00fan las organizaciones que participan en el foro. En el encuentro participan la organizaci\u00f3n no gubernamental alemana Iniciativa Cristiana Romero y l\u00edderes comunitarios de cada pa\u00eds. <\/p>\n<p>En los primeros tres trimestres de 2016 Guatemala fue el principal y casi absoluto exportador (en t\u00e9rminos de volumen) de metales metal\u00edferos con 376 mil toneladas, equivalente a $13 millones, seguido de Honduras con 23 mil toneladas vendidas ($33 millones). Las exportaciones de El Salvador y Nicaragua son insignificantes comparadas con lo exportado por la regi\u00f3n. Por su parte, Costa Rica y Panam\u00e1 no registraron exportaciones, indica una nota de CentralAmericaData.com. el 50% del volumen exportado desde Centroam\u00e9rica tuvo como destino Grecia, 29% China, 9% Jap\u00f3n, 6% Suiza y 5% Corea del Sur. <\/p>\n<p>\u00a0 <\/p>\n","protected":false},"excerpt":{"rendered":"<p>Al menos cinco organizaciones ambientalistas de Centroam\u00e9rica lanzaron este jueves, <a href=\"https:\/\/sertv.gob.pa\/crisolfm\/contra-los-proyectos-de-extraccion-ambientalistas-unen-esfuerzos\/\"> [&#8230;]<\/a><\/p>\n","protected":false},"author":1,"featured_media":8182,"comment_status":"closed","ping_status":"closed","sticky":false,"template":"","format":"standard","meta":{"footnotes":""},"categories":[7],"tags":[],"class_list":["post-8181","post","type-post","status-publish","format-standard","has-post-thumbnail","hentry","category-ecologicas"],"_links":{"self":[{"href":"https:\/\/sertv.gob.pa\/crisolfm\/wp-json\/wp\/v2\/posts\/8181","targetHints":{"allow":["GET"]}}],"collection":[{"href":"https:\/\/sertv.gob.pa\/crisolfm\/wp-json\/wp\/v2\/posts"}],"about":[{"href":"https:\/\/sertv.gob.pa\/crisolfm\/wp-json\/wp\/v2\/types\/post"}],"author":[{"embeddable":true,"href":"https:\/\/sertv.gob.pa\/crisolfm\/wp-json\/wp\/v2\/users\/1"}],"replies":[{"embeddable":true,"href":"https:\/\/sertv.gob.pa\/crisolfm\/wp-json\/wp\/v2\/comments?post=8181"}],"version-history":[{"count":0,"href":"https:\/\/sertv.gob.pa\/crisolfm\/wp-json\/wp\/v2\/posts\/8181\/revisions"}],"wp:featuredmedia":[{"embeddable":true,"href":"https:\/\/sertv.gob.pa\/crisolfm\/wp-json\/wp\/v2\/media\/8182"}],"wp:attachment":[{"href":"https:\/\/sertv.gob.pa\/crisolfm\/wp-json\/wp\/v2\/media?parent=8181"}],"wp:term":[{"taxonomy":"category","embeddable":true,"href":"https:\/\/sertv.gob.pa\/crisolfm\/wp-json\/wp\/v2\/categories?post=8181"},{"taxonomy":"post_tag","embeddable":true,"href":"https:\/\/sertv.gob.pa\/crisolfm\/wp-json\/wp\/v2\/tags?post=8181"}],"curies":[{"name":"wp","href":"https:\/\/api.w.org\/{rel}","templated":true}]}}