{"id":8203,"date":"2017-05-02T16:04:57","date_gmt":"2017-05-02T16:04:57","guid":{"rendered":""},"modified":"2017-05-02T16:04:57","modified_gmt":"2017-05-02T16:04:57","slug":"aprueban-en-primer-debate-el-uso-de-bolsas-reutilizables","status":"publish","type":"post","link":"https:\/\/sertv.gob.pa\/crisolfm\/aprueban-en-primer-debate-el-uso-de-bolsas-reutilizables\/","title":{"rendered":"Aprueban en primer debate el uso de bolsas reutilizables"},"content":{"rendered":"<p>\nEl uso y entrega de bolsas reutilizables en establecimientos comerciales paname\u00f1os, para que sean empleadas m\u00e1s de una vez por la ciudadan\u00eda podr\u00edan ser una realidad en aproximadamente dos a\u00f1os. <\/p>\n<p>La Comisi\u00f3n de Comercio y Asuntos Econ\u00f3micos de la Asamblea Nacional aprob\u00f3 en primer debate el anteproyecto de ley 492, que promueve el uso y entrega de bolsas reutilizables en contraposici\u00f3n a las habituales bolsas pl\u00e1sticas, que dan los comercios en la actualidad. <\/p>\n<p>Samir Gonzaine, presidente de la Comisi\u00f3n de Comercio y Asuntos Econ\u00f3micos, dijo que de aplicarse el anteproyecto de ley, \u00abla utilizaci\u00f3n de pl\u00e1stico en el pa\u00eds se reducir\u00eda en un 20%\u00bb. <\/p>\n<p>El diputado explic\u00f3 que en Colombia, Brasil, Chile, Argentina, Espa\u00f1a, Francia e Italia, entre otros, existe una notable eliminaci\u00f3n de las bolsas pl\u00e1sticas, contribuyendo en la conservaci\u00f3n del medio ambiente. <\/p>\n<p>Por su parte, el proponente del uso de las\u00a0 &ldquo;bolsas amigables&rdquo;, el diputado Miguel \u00c1ngel Fanovich, se\u00f1al\u00f3 que se trata de un anteproyecto de ley socialmente responsable y que promueve el uso de bolsas reutilizables en los comercios del pa\u00eds. <\/p>\n<p>La iniciativa tambi\u00e9n proh\u00edbe el uso de bolsas hechas de polietilenos, que han ocasionado problemas al ecosistema debido a su larga descomposici\u00f3n, pues son fabricadas con subproductos del petr\u00f3leo, gas y otros que contaminan el medio ambiente, as\u00ed como los rellenos sanitarios, vertederos y en los cuerpos de agua causando la muerte de varios animales. <\/p>\n<p>El diputado Fanovich manifest\u00f3 que una vez aprobado el anteproyecto de ley, se les dar\u00e1 un plazo de hasta 12 meses a los comercios mayoristas y 24 meses a los minoristas para que efect\u00faen los cambios pertinentes relacionados con la implementaci\u00f3n de las &ldquo;bolsas amigables&rdquo;. Igualmente se\u00f1al\u00f3 que\u00a0 le corresponder\u00e1 al Ministerio de Ambiente la divulgaci\u00f3n sobre la utilizaci\u00f3n de las bolsas reutilizables. <\/p>\n<p>El diputado sostuvo que la Autoridad\u00a0 de\u00a0 Protecci\u00f3n al Consumidor\u00a0 y Defensa\u00a0 de\u00a0 la Competencia, ser\u00e1 la responsable de supervisar que se cumpla con la que ser\u00eda la ley de las bolsas reutilizables, en las tiendas, supermercados y comercios de todo el pa\u00eds, y aplicar, si es necesario, medidas coercitivas con el fin de que se cumpla, puntualiz\u00f3. <\/p>\n<p>\u00a0 <\/p>\n","protected":false},"excerpt":{"rendered":"<p>El uso y entrega de bolsas reutilizables en establecimientos comerciales <a href=\"https:\/\/sertv.gob.pa\/crisolfm\/aprueban-en-primer-debate-el-uso-de-bolsas-reutilizables\/\"> [&#8230;]<\/a><\/p>\n","protected":false},"author":1,"featured_media":8204,"comment_status":"closed","ping_status":"closed","sticky":false,"template":"","format":"standard","meta":{"footnotes":""},"categories":[7],"tags":[],"class_list":["post-8203","post","type-post","status-publish","format-standard","has-post-thumbnail","hentry","category-ecologicas"],"_links":{"self":[{"href":"https:\/\/sertv.gob.pa\/crisolfm\/wp-json\/wp\/v2\/posts\/8203","targetHints":{"allow":["GET"]}}],"collection":[{"href":"https:\/\/sertv.gob.pa\/crisolfm\/wp-json\/wp\/v2\/posts"}],"about":[{"href":"https:\/\/sertv.gob.pa\/crisolfm\/wp-json\/wp\/v2\/types\/post"}],"author":[{"embeddable":true,"href":"https:\/\/sertv.gob.pa\/crisolfm\/wp-json\/wp\/v2\/users\/1"}],"replies":[{"embeddable":true,"href":"https:\/\/sertv.gob.pa\/crisolfm\/wp-json\/wp\/v2\/comments?post=8203"}],"version-history":[{"count":0,"href":"https:\/\/sertv.gob.pa\/crisolfm\/wp-json\/wp\/v2\/posts\/8203\/revisions"}],"wp:featuredmedia":[{"embeddable":true,"href":"https:\/\/sertv.gob.pa\/crisolfm\/wp-json\/wp\/v2\/media\/8204"}],"wp:attachment":[{"href":"https:\/\/sertv.gob.pa\/crisolfm\/wp-json\/wp\/v2\/media?parent=8203"}],"wp:term":[{"taxonomy":"category","embeddable":true,"href":"https:\/\/sertv.gob.pa\/crisolfm\/wp-json\/wp\/v2\/categories?post=8203"},{"taxonomy":"post_tag","embeddable":true,"href":"https:\/\/sertv.gob.pa\/crisolfm\/wp-json\/wp\/v2\/tags?post=8203"}],"curies":[{"name":"wp","href":"https:\/\/api.w.org\/{rel}","templated":true}]}}