{"id":8223,"date":"2017-05-04T15:13:00","date_gmt":"2017-05-04T15:13:00","guid":{"rendered":""},"modified":"2017-05-04T15:13:00","modified_gmt":"2017-05-04T15:13:00","slug":"durante-el-mes-de-mayo-celebran-la-identidad-negra","status":"publish","type":"post","link":"https:\/\/sertv.gob.pa\/crisolfm\/durante-el-mes-de-mayo-celebran-la-identidad-negra\/","title":{"rendered":"Durante el mes de mayo celebran la identidad negra"},"content":{"rendered":"<p>\nDel 11 al 13 de mayo se realizar\u00e1 el Afrofestival Internacional de Panam\u00e1, en el gran sal\u00f3n del hotel El Continental, organizado por alrededor de 7 agrupaciones que buscan destacar su cultura en nuestro pa\u00eds. <\/p>\n<p>Los dos primeros d\u00edas del evento tendr\u00e1n presentaciones art\u00edsticas, festival de debate, talleres de turbantes, conferencias de emprendimiento, participaci\u00f3n de escritores negros nacionales e internacionales, entre otras actividades. <\/p>\n<p>El tercer d\u00eda, despu\u00e9s de las 4:00 p.m., los asistentes a la gala del African Fashion Festival deber\u00e1n pagar y los fondos contribuir\u00e1n con la labor de la Red de Mujeres Paname\u00f1as en San Miguelito. <\/p>\n<p>\u00a0 <\/p>\n","protected":false},"excerpt":{"rendered":"<p>Del 11 al 13 de mayo se realizar\u00e1 el Afrofestival <a href=\"https:\/\/sertv.gob.pa\/crisolfm\/durante-el-mes-de-mayo-celebran-la-identidad-negra\/\"> [&#8230;]<\/a><\/p>\n","protected":false},"author":1,"featured_media":8224,"comment_status":"closed","ping_status":"closed","sticky":false,"template":"","format":"standard","meta":{"footnotes":""},"categories":[6],"tags":[],"class_list":["post-8223","post","type-post","status-publish","format-standard","has-post-thumbnail","hentry","category-culturales"],"_links":{"self":[{"href":"https:\/\/sertv.gob.pa\/crisolfm\/wp-json\/wp\/v2\/posts\/8223","targetHints":{"allow":["GET"]}}],"collection":[{"href":"https:\/\/sertv.gob.pa\/crisolfm\/wp-json\/wp\/v2\/posts"}],"about":[{"href":"https:\/\/sertv.gob.pa\/crisolfm\/wp-json\/wp\/v2\/types\/post"}],"author":[{"embeddable":true,"href":"https:\/\/sertv.gob.pa\/crisolfm\/wp-json\/wp\/v2\/users\/1"}],"replies":[{"embeddable":true,"href":"https:\/\/sertv.gob.pa\/crisolfm\/wp-json\/wp\/v2\/comments?post=8223"}],"version-history":[{"count":0,"href":"https:\/\/sertv.gob.pa\/crisolfm\/wp-json\/wp\/v2\/posts\/8223\/revisions"}],"wp:featuredmedia":[{"embeddable":true,"href":"https:\/\/sertv.gob.pa\/crisolfm\/wp-json\/wp\/v2\/media\/8224"}],"wp:attachment":[{"href":"https:\/\/sertv.gob.pa\/crisolfm\/wp-json\/wp\/v2\/media?parent=8223"}],"wp:term":[{"taxonomy":"category","embeddable":true,"href":"https:\/\/sertv.gob.pa\/crisolfm\/wp-json\/wp\/v2\/categories?post=8223"},{"taxonomy":"post_tag","embeddable":true,"href":"https:\/\/sertv.gob.pa\/crisolfm\/wp-json\/wp\/v2\/tags?post=8223"}],"curies":[{"name":"wp","href":"https:\/\/api.w.org\/{rel}","templated":true}]}}