{"id":8245,"date":"2017-05-07T05:00:00","date_gmt":"2017-05-07T05:00:00","guid":{"rendered":""},"modified":"2017-05-07T05:00:00","modified_gmt":"2017-05-07T05:00:00","slug":"ruanda-acoge-de-nuevo-a-rinocerontes-negros","status":"publish","type":"post","link":"https:\/\/sertv.gob.pa\/crisolfm\/ruanda-acoge-de-nuevo-a-rinocerontes-negros\/","title":{"rendered":"Ruanda acoge de nuevo a rinocerontes negros"},"content":{"rendered":"<p>\nUn grupo de diez rinocerontes negros se han convertido en los primeros en llegar a Ruanda en los \u00faltimos 10 a\u00f1os, luego de un traslado desde Sud\u00e1frica a la capital del pa\u00eds, Kigali. <\/p>\n<p>Las autoridades han se\u00f1alado que se trata del primer grupo, agregando que la semana que viene llegar\u00e1n al sitio otros diez animales de esta especie, seg\u00fan ha informado el diario local &#8216;The New Times&#8217;. Todos ellos ser\u00e1n trasladados al parque nacional Akagera. <\/p>\n<p>Los animales han sido recibidos en el aeropuerto por el director del parque Akagera, Jes Gruner; la jefa de Turismo de la Direcci\u00f3n de Desarrollo de Ruanda, Belise Kariza; y el embajador sudafricano en el pa\u00eds, George Twala. <\/p>\n<p>En los a\u00f1os setenta del siglo XX hab\u00eda cerca de 50 rinocerontes negros en el parque de Akagera, si bien su n\u00famero se redujo dr\u00e1sticamente debido a la caza furtiva. El \u00faltimo avistamiento de un ejemplar de esta especie tuvo lugar en 2007. <\/p>\n<p>Por ello, las autoridades del pa\u00eds africano han creado un equipo de seguimiento y protecci\u00f3n, as\u00ed como una brigada canina y el despliegue de un helic\u00f3ptero para vigilancia a\u00e9rea, con el fin de proteger a los rinocerontes. <\/p>\n<p>La directora ejecutiva de la Direcci\u00f3n de Desarrollo de Ruanda, Clare Akamanzi, ha resaltado que la llegada de estos animales al pa\u00eds supondr\u00e1 un impulso al sector tur\u00edstico. <\/p>\n<p>\u00abEl regreso de los rinocerontes al parque nacional Akagera de Ruanda abre un nuevo cap\u00edtulo en nuestro viaje de conservaci\u00f3n, y damos las gracias a todos los socios que contribuyeron a este logro\u00bb, ha dicho. <\/p>\n<p>\u00abEstamos totalmente preparados para darles la bienvenida y garantizar su seguridad, en beneficio de nuestra industria tur\u00edstica y de la comunidad en general. No podr\u00edamos estar m\u00e1s contentos con su regreso\u00bb, ha remachado. <\/p>\n<p>\u00a0 <\/p>\n<p>\u00a0 <\/p>\n","protected":false},"excerpt":{"rendered":"<p>Un grupo de diez rinocerontes negros se han convertido en <a href=\"https:\/\/sertv.gob.pa\/crisolfm\/ruanda-acoge-de-nuevo-a-rinocerontes-negros\/\"> [&#8230;]<\/a><\/p>\n","protected":false},"author":1,"featured_media":8246,"comment_status":"closed","ping_status":"closed","sticky":false,"template":"","format":"standard","meta":{"footnotes":""},"categories":[7],"tags":[],"class_list":["post-8245","post","type-post","status-publish","format-standard","has-post-thumbnail","hentry","category-ecologicas"],"_links":{"self":[{"href":"https:\/\/sertv.gob.pa\/crisolfm\/wp-json\/wp\/v2\/posts\/8245","targetHints":{"allow":["GET"]}}],"collection":[{"href":"https:\/\/sertv.gob.pa\/crisolfm\/wp-json\/wp\/v2\/posts"}],"about":[{"href":"https:\/\/sertv.gob.pa\/crisolfm\/wp-json\/wp\/v2\/types\/post"}],"author":[{"embeddable":true,"href":"https:\/\/sertv.gob.pa\/crisolfm\/wp-json\/wp\/v2\/users\/1"}],"replies":[{"embeddable":true,"href":"https:\/\/sertv.gob.pa\/crisolfm\/wp-json\/wp\/v2\/comments?post=8245"}],"version-history":[{"count":0,"href":"https:\/\/sertv.gob.pa\/crisolfm\/wp-json\/wp\/v2\/posts\/8245\/revisions"}],"wp:featuredmedia":[{"embeddable":true,"href":"https:\/\/sertv.gob.pa\/crisolfm\/wp-json\/wp\/v2\/media\/8246"}],"wp:attachment":[{"href":"https:\/\/sertv.gob.pa\/crisolfm\/wp-json\/wp\/v2\/media?parent=8245"}],"wp:term":[{"taxonomy":"category","embeddable":true,"href":"https:\/\/sertv.gob.pa\/crisolfm\/wp-json\/wp\/v2\/categories?post=8245"},{"taxonomy":"post_tag","embeddable":true,"href":"https:\/\/sertv.gob.pa\/crisolfm\/wp-json\/wp\/v2\/tags?post=8245"}],"curies":[{"name":"wp","href":"https:\/\/api.w.org\/{rel}","templated":true}]}}