{"id":8249,"date":"2017-05-08T15:14:08","date_gmt":"2017-05-08T15:14:08","guid":{"rendered":""},"modified":"2017-05-08T15:14:08","modified_gmt":"2017-05-08T15:14:08","slug":"volcan-de-fuego-de-guatemala-baja-la-actividad","status":"publish","type":"post","link":"https:\/\/sertv.gob.pa\/crisolfm\/volcan-de-fuego-de-guatemala-baja-la-actividad\/","title":{"rendered":"Volc\u00e1n de Fuego de Guatemala baja la actividad"},"content":{"rendered":"<p>\nLa cuarta erupci\u00f3n del volc\u00e1n de Fuego de Guatemala en lo que va del a\u00f1o ha descendido su actividad, pero las autoridades mantuvieron la alerta por la posibilidad de que las lluvias arrastren material volc\u00e1nico y provoquen el descenso de lahares. <\/p>\n<p>El portavoz de la Coordinadora Nacional para la Reducci\u00f3n de Desastres (Conred), David de Le\u00f3n, manifest\u00f3 a medios internacionales que la fase eruptiva, que empez\u00f3 el viernes, se encuentra ahora &lsquo;dentro de los par\u00e1metros normales&#8217;, debido a que durante la noche bajaron &lsquo;considerablemente las explosiones&#8217;. <\/p>\n<p>Sin embargo, durante la madrugada de ayer se observaron remanentes de flujo de lava en direcci\u00f3n a las barrancas Ceniza, Taniluy\u00e1 y Santa Teresa que &lsquo;disminuir\u00e1n e ir\u00e1 desapareciendo en las pr\u00f3ximas horas&#8217;. <\/p>\n<p>Debido a esta actividad, las autoridades evacuaron a 30 personas de la comunidad Sangre de Cristo que en la ma\u00f1ana de ayer hab\u00edan regresado a sus viviendas sin que reportasen da\u00f1os ni en esta aldea ni en otras aleda\u00f1as, como Panimach\u00e9 1, Panimach\u00e9 2, El Porvenir, Yucales y Santa Sof\u00eda, todas de Yepocapa, Chimaltenango. <\/p>\n<p>\u00a0 <\/p>\n","protected":false},"excerpt":{"rendered":"<p>La cuarta erupci\u00f3n del volc\u00e1n de Fuego de Guatemala en <a href=\"https:\/\/sertv.gob.pa\/crisolfm\/volcan-de-fuego-de-guatemala-baja-la-actividad\/\"> [&#8230;]<\/a><\/p>\n","protected":false},"author":1,"featured_media":8250,"comment_status":"closed","ping_status":"closed","sticky":false,"template":"","format":"standard","meta":{"footnotes":""},"categories":[7],"tags":[],"class_list":["post-8249","post","type-post","status-publish","format-standard","has-post-thumbnail","hentry","category-ecologicas"],"_links":{"self":[{"href":"https:\/\/sertv.gob.pa\/crisolfm\/wp-json\/wp\/v2\/posts\/8249","targetHints":{"allow":["GET"]}}],"collection":[{"href":"https:\/\/sertv.gob.pa\/crisolfm\/wp-json\/wp\/v2\/posts"}],"about":[{"href":"https:\/\/sertv.gob.pa\/crisolfm\/wp-json\/wp\/v2\/types\/post"}],"author":[{"embeddable":true,"href":"https:\/\/sertv.gob.pa\/crisolfm\/wp-json\/wp\/v2\/users\/1"}],"replies":[{"embeddable":true,"href":"https:\/\/sertv.gob.pa\/crisolfm\/wp-json\/wp\/v2\/comments?post=8249"}],"version-history":[{"count":0,"href":"https:\/\/sertv.gob.pa\/crisolfm\/wp-json\/wp\/v2\/posts\/8249\/revisions"}],"wp:featuredmedia":[{"embeddable":true,"href":"https:\/\/sertv.gob.pa\/crisolfm\/wp-json\/wp\/v2\/media\/8250"}],"wp:attachment":[{"href":"https:\/\/sertv.gob.pa\/crisolfm\/wp-json\/wp\/v2\/media?parent=8249"}],"wp:term":[{"taxonomy":"category","embeddable":true,"href":"https:\/\/sertv.gob.pa\/crisolfm\/wp-json\/wp\/v2\/categories?post=8249"},{"taxonomy":"post_tag","embeddable":true,"href":"https:\/\/sertv.gob.pa\/crisolfm\/wp-json\/wp\/v2\/tags?post=8249"}],"curies":[{"name":"wp","href":"https:\/\/api.w.org\/{rel}","templated":true}]}}