{"id":8269,"date":"2017-05-09T16:06:59","date_gmt":"2017-05-09T16:06:59","guid":{"rendered":""},"modified":"2017-05-09T16:06:59","modified_gmt":"2017-05-09T16:06:59","slug":"bill-clinton-y-james-patterson-publicaran-novela-de-ficcion","status":"publish","type":"post","link":"https:\/\/sertv.gob.pa\/crisolfm\/bill-clinton-y-james-patterson-publicaran-novela-de-ficcion\/","title":{"rendered":"Bill Clinton y James Patterson publicar\u00e1n novela de ficci\u00f3n"},"content":{"rendered":"<p>\nEl expresidente estadounidense  Bill Clinton  y el novelista  James Patterson  publicar\u00e1n en junio de 2018 una obra de ficci\u00f3n que han escrito de forma conjunta, seg\u00fan anunciaron las editoriales de ambos, Alfred A. Knopf y Little, Brown and Co. El volumen se titular\u00e1  The President is Missing  (&ldquo;El presidente ha desaparecido&rdquo;). Se trata del estreno de Clinton en el mundo de la novela y es la primera colaboraci\u00f3n de Patterson,  autor de  best sellers ,  con un exmandatario. <\/p>\n<p>&ldquo;El libro ofrecer\u00e1 una mezcla \u00fanica de intriga, suspenso y una mirada al drama que sucede entre bastidores de los pasillos de los m\u00e1s altos poderes&rdquo;, indica el comunicado de las editoriales. La obra contar\u00e1 con informaci\u00f3n privilegiada que solo un presidente puede conocer, a\u00f1ade. <\/p>\n<p>&ldquo;Trabajar en un libro sobre un presidente de turno, aprovech\u00e1ndome de lo que conozco de la Casa Blanca y de c\u00f3mo funciona Washington, ha sido muy divertido&rdquo;, asegur\u00f3 el exmandatario. &ldquo;Trabajar con el presidente Clinton ha sido uno de los mejores momentos de mi carrera y tener acceso a sus experiencias ha dado mucha informaci\u00f3n para esta novela&rdquo;, terci\u00f3 Patterson. <\/p>\n<p>&ldquo;Yo cuento historias y los conocimientos del presidente nos han ayudado a contar una muy interesante. Los lectores se ver\u00e1n atra\u00eddos por el suspenso, por supuesto, pero tambi\u00e9n podr\u00e1n ver de primera mano lo que es ser presidente&rdquo;, agreg\u00f3 el escritor, autor o coautor de m\u00e1s de 150 libros que han vendido m\u00e1s de 300 millones de ejemplares en todo el mundo. <\/p>\n<p>Clinton ha publicado luego de dejar la Casa Blanca varias obras de no ficci\u00f3n y su libro de memorias,  Mi vida  (2004), es un  best seller,  pero nunca hab\u00eda escrito una novela. <\/p>\n<p> The President is Missing  tendr\u00e1 400 p\u00e1ginas y costar\u00e1 14,6 euros en su versi\u00f3n digital y 27,5 en su edici\u00f3n en papel con tapa dura, seg\u00fan precis\u00f3 Amazon. <\/p>\n<p>\u00a0 <\/p>\n","protected":false},"excerpt":{"rendered":"<p>El expresidente estadounidense Bill Clinton y el novelista James Patterson <a href=\"https:\/\/sertv.gob.pa\/crisolfm\/bill-clinton-y-james-patterson-publicaran-novela-de-ficcion\/\"> [&#8230;]<\/a><\/p>\n","protected":false},"author":1,"featured_media":8270,"comment_status":"closed","ping_status":"closed","sticky":false,"template":"","format":"standard","meta":{"footnotes":""},"categories":[6],"tags":[],"class_list":["post-8269","post","type-post","status-publish","format-standard","has-post-thumbnail","hentry","category-culturales"],"_links":{"self":[{"href":"https:\/\/sertv.gob.pa\/crisolfm\/wp-json\/wp\/v2\/posts\/8269","targetHints":{"allow":["GET"]}}],"collection":[{"href":"https:\/\/sertv.gob.pa\/crisolfm\/wp-json\/wp\/v2\/posts"}],"about":[{"href":"https:\/\/sertv.gob.pa\/crisolfm\/wp-json\/wp\/v2\/types\/post"}],"author":[{"embeddable":true,"href":"https:\/\/sertv.gob.pa\/crisolfm\/wp-json\/wp\/v2\/users\/1"}],"replies":[{"embeddable":true,"href":"https:\/\/sertv.gob.pa\/crisolfm\/wp-json\/wp\/v2\/comments?post=8269"}],"version-history":[{"count":0,"href":"https:\/\/sertv.gob.pa\/crisolfm\/wp-json\/wp\/v2\/posts\/8269\/revisions"}],"wp:featuredmedia":[{"embeddable":true,"href":"https:\/\/sertv.gob.pa\/crisolfm\/wp-json\/wp\/v2\/media\/8270"}],"wp:attachment":[{"href":"https:\/\/sertv.gob.pa\/crisolfm\/wp-json\/wp\/v2\/media?parent=8269"}],"wp:term":[{"taxonomy":"category","embeddable":true,"href":"https:\/\/sertv.gob.pa\/crisolfm\/wp-json\/wp\/v2\/categories?post=8269"},{"taxonomy":"post_tag","embeddable":true,"href":"https:\/\/sertv.gob.pa\/crisolfm\/wp-json\/wp\/v2\/tags?post=8269"}],"curies":[{"name":"wp","href":"https:\/\/api.w.org\/{rel}","templated":true}]}}