{"id":8273,"date":"2017-05-10T15:14:52","date_gmt":"2017-05-10T15:14:52","guid":{"rendered":""},"modified":"2017-05-10T15:14:52","modified_gmt":"2017-05-10T15:14:52","slug":"nuevo-parque-de-jirafas-es-inaugurado-en-el-zoo-de-viena","status":"publish","type":"post","link":"https:\/\/sertv.gob.pa\/crisolfm\/nuevo-parque-de-jirafas-es-inaugurado-en-el-zoo-de-viena\/","title":{"rendered":"Nuevo parque de jirafas es inaugurado en el Zoo de Viena"},"content":{"rendered":"<p>\nEl zool\u00f3gico Sch\u00f6nbrunn de Viena ha inaugurado su nuevo parque de jirafas con dos ejemplares tra\u00eddos desde Rotterdam (Holanda), luego de dos a\u00f1os y medio de obras que han privado a los visitantes de poder ver a estos animales. <\/p>\n<p>Sofie y Fleur, dos hembras de dos a\u00f1os, son los primeros moradores del recinto, que cuenta con una explanada exterior de 1,770 metros cuadrados y con una instalaci\u00f3n interior de 440 metros cuadrados, el triple que la original. <\/p>\n<p>La ampliaci\u00f3n se ha efectuado por la necesidad de estos animales de un mayor espacio interior, al no poder salir al exterior en invierno debido a las bajas temperaturas y a la congelaci\u00f3n del suelo, explic\u00f3 a EFE la directora del departamento de zoolog\u00eda de Sch\u00f6nbrunn, Eveline Dungl. <\/p>\n<p>Adem\u00e1s, este nuevo h\u00e1bitat est\u00e1 cubierto con un techo de placas fotovoltaicas que genera la energ\u00eda suficiente que el espacio consume al cabo del a\u00f1o. Los dos j\u00f3venes ejemplares de jirafa miden 3.5 metros, por lo que a\u00fan les falta crecer, y se han adaptado bastante bien al sitio desde que llegaron hace tres semanas desde el zool\u00f3gico de Rotterdam, a\u00f1adi\u00f3 Dungl. <\/p>\n<p>Sofie y Fleur han sido recibidas con una gran fiesta, donde una clase de ni\u00f1os de ocho a\u00f1os de una escuela vecina les han dedicado una canci\u00f3n y un cuarteto de cuerda les ha amenizado con varias composiciones, entre otros festejos. <\/p>\n<p>La renovaci\u00f3n del recinto ha costado cerca de siete millones de euros que el zoo ha conseguido a trav\u00e9s de fondos estatales y de donaciones de empresas y particulares. <\/p>\n<p>La primera casa de jirafas se fund\u00f3 en el zoo en 1828 cuando el virrey de Egipto regal\u00f3 al emperador Francisco I de Austria un ejemplar. <\/p>\n<p>El zoo de Viena est\u00e1 considerado el zool\u00f3gico m\u00e1s antiguo del mundo luego de su fundaci\u00f3n en 1752 y fue nombrado junto al Palacio de Sch\u00f6nbrunn y sus jardines Patrimonio de la Humanidad en 1996. <\/p>\n<p>\u00a0 <\/p>\n","protected":false},"excerpt":{"rendered":"<p>El zool\u00f3gico Sch\u00f6nbrunn de Viena ha inaugurado su nuevo parque <a href=\"https:\/\/sertv.gob.pa\/crisolfm\/nuevo-parque-de-jirafas-es-inaugurado-en-el-zoo-de-viena\/\"> [&#8230;]<\/a><\/p>\n","protected":false},"author":1,"featured_media":8274,"comment_status":"closed","ping_status":"closed","sticky":false,"template":"","format":"standard","meta":{"footnotes":""},"categories":[7],"tags":[],"class_list":["post-8273","post","type-post","status-publish","format-standard","has-post-thumbnail","hentry","category-ecologicas"],"_links":{"self":[{"href":"https:\/\/sertv.gob.pa\/crisolfm\/wp-json\/wp\/v2\/posts\/8273","targetHints":{"allow":["GET"]}}],"collection":[{"href":"https:\/\/sertv.gob.pa\/crisolfm\/wp-json\/wp\/v2\/posts"}],"about":[{"href":"https:\/\/sertv.gob.pa\/crisolfm\/wp-json\/wp\/v2\/types\/post"}],"author":[{"embeddable":true,"href":"https:\/\/sertv.gob.pa\/crisolfm\/wp-json\/wp\/v2\/users\/1"}],"replies":[{"embeddable":true,"href":"https:\/\/sertv.gob.pa\/crisolfm\/wp-json\/wp\/v2\/comments?post=8273"}],"version-history":[{"count":0,"href":"https:\/\/sertv.gob.pa\/crisolfm\/wp-json\/wp\/v2\/posts\/8273\/revisions"}],"wp:featuredmedia":[{"embeddable":true,"href":"https:\/\/sertv.gob.pa\/crisolfm\/wp-json\/wp\/v2\/media\/8274"}],"wp:attachment":[{"href":"https:\/\/sertv.gob.pa\/crisolfm\/wp-json\/wp\/v2\/media?parent=8273"}],"wp:term":[{"taxonomy":"category","embeddable":true,"href":"https:\/\/sertv.gob.pa\/crisolfm\/wp-json\/wp\/v2\/categories?post=8273"},{"taxonomy":"post_tag","embeddable":true,"href":"https:\/\/sertv.gob.pa\/crisolfm\/wp-json\/wp\/v2\/tags?post=8273"}],"curies":[{"name":"wp","href":"https:\/\/api.w.org\/{rel}","templated":true}]}}