{"id":8283,"date":"2017-05-11T14:47:59","date_gmt":"2017-05-11T14:47:59","guid":{"rendered":""},"modified":"2017-05-11T14:47:59","modified_gmt":"2017-05-11T14:47:59","slug":"en-los-santos-capacitan-a-protectores-de-cuencas-hidricas","status":"publish","type":"post","link":"https:\/\/sertv.gob.pa\/crisolfm\/en-los-santos-capacitan-a-protectores-de-cuencas-hidricas\/","title":{"rendered":"En Los Santos capacitan a protectores de cuencas h\u00eddricas"},"content":{"rendered":"<p>\nEl Centro del Agua del Tr\u00f3pico H\u00famedo para Am\u00e9rica Latina y el Caribe (Cathalac), en coordinaci\u00f3n con el Ministerio de Ambiente (MiAmbiente), efectu\u00f3 \u00a0talleres de capacitaci\u00f3n a los miembros de los Comit\u00e9s de Cuencas Hidrogr\u00e1ficas del r\u00edo La Villa y los r\u00edos que se hallan entre Tonos\u00ed y La Villa. <\/p>\n<p>El objetivo primordial de los talleres es fortalecer las capacidades de los miembros de los comit\u00e9s en beneficio de su cuenca y las comunidades colindantes a las fuentes h\u00eddricas, indica un comunicado de MiAmbiente. <\/p>\n<p>Durante el taller se abord\u00f3 el tema de formulaci\u00f3n de proyectos con el prop\u00f3sito de que conozcan las herramientas b\u00e1sicas para gestionar la b\u00fasqueda de fondos estatales, del sector privado o de organizaciones internacionales. <\/p>\n<p>Los asistentes igualmente fueron capacitados en gesti\u00f3n de riesgo y desastres ante los desaf\u00edos del cambio clim\u00e1tico, que favorezcan la comprensi\u00f3n de los riesgos y la gesti\u00f3n de sus \u00e1reas de actuaci\u00f3n frente a los impactos directos e indirectos, se\u00f1ala el comunicado. <\/p>\n<p>Los talleres incluyeron capacitaciones en aspectos legales sobre la creaci\u00f3n y los compromisos en t\u00e9rminos ambientales de una cuenca. <\/p>\n<p>Feliciano Escobar, coordinador del Comit\u00e9 de la Cuenca del r\u00edo La Villa, se\u00f1al\u00f3 que las jornadas de capacitaci\u00f3n han contribuido de forma significativa en la formaci\u00f3n integral de los profesionales que integran los comit\u00e9s de cuencas, a trav\u00e9s de la aplicaci\u00f3n de una metodolog\u00eda vivencial y humanista que favorezca su desarrollo personal y laboral, para que sea puesto en pr\u00e1ctica en cada \u00e1rea de trabajo. <\/p>\n<p>\u00a0 <\/p>\n","protected":false},"excerpt":{"rendered":"<p>El Centro del Agua del Tr\u00f3pico H\u00famedo para Am\u00e9rica Latina <a href=\"https:\/\/sertv.gob.pa\/crisolfm\/en-los-santos-capacitan-a-protectores-de-cuencas-hidricas\/\"> [&#8230;]<\/a><\/p>\n","protected":false},"author":1,"featured_media":8284,"comment_status":"closed","ping_status":"closed","sticky":false,"template":"","format":"standard","meta":{"footnotes":""},"categories":[7],"tags":[],"class_list":["post-8283","post","type-post","status-publish","format-standard","has-post-thumbnail","hentry","category-ecologicas"],"_links":{"self":[{"href":"https:\/\/sertv.gob.pa\/crisolfm\/wp-json\/wp\/v2\/posts\/8283","targetHints":{"allow":["GET"]}}],"collection":[{"href":"https:\/\/sertv.gob.pa\/crisolfm\/wp-json\/wp\/v2\/posts"}],"about":[{"href":"https:\/\/sertv.gob.pa\/crisolfm\/wp-json\/wp\/v2\/types\/post"}],"author":[{"embeddable":true,"href":"https:\/\/sertv.gob.pa\/crisolfm\/wp-json\/wp\/v2\/users\/1"}],"replies":[{"embeddable":true,"href":"https:\/\/sertv.gob.pa\/crisolfm\/wp-json\/wp\/v2\/comments?post=8283"}],"version-history":[{"count":0,"href":"https:\/\/sertv.gob.pa\/crisolfm\/wp-json\/wp\/v2\/posts\/8283\/revisions"}],"wp:featuredmedia":[{"embeddable":true,"href":"https:\/\/sertv.gob.pa\/crisolfm\/wp-json\/wp\/v2\/media\/8284"}],"wp:attachment":[{"href":"https:\/\/sertv.gob.pa\/crisolfm\/wp-json\/wp\/v2\/media?parent=8283"}],"wp:term":[{"taxonomy":"category","embeddable":true,"href":"https:\/\/sertv.gob.pa\/crisolfm\/wp-json\/wp\/v2\/categories?post=8283"},{"taxonomy":"post_tag","embeddable":true,"href":"https:\/\/sertv.gob.pa\/crisolfm\/wp-json\/wp\/v2\/tags?post=8283"}],"curies":[{"name":"wp","href":"https:\/\/api.w.org\/{rel}","templated":true}]}}