{"id":8285,"date":"2017-05-11T15:16:00","date_gmt":"2017-05-11T15:16:00","guid":{"rendered":""},"modified":"2017-05-11T15:16:00","modified_gmt":"2017-05-11T15:16:00","slug":"85-mil-arboles-se-esperan-plantar-en-el-dia-de-la-reforestacion","status":"publish","type":"post","link":"https:\/\/sertv.gob.pa\/crisolfm\/85-mil-arboles-se-esperan-plantar-en-el-dia-de-la-reforestacion\/","title":{"rendered":"85 mil \u00e1rboles se esperan plantar en el D\u00eda de la Reforestaci\u00f3n"},"content":{"rendered":"<p>\nPanam\u00e1\u00a0celebrar\u00e1 el pr\u00f3ximo 24 de junio el III  D\u00eda Nacional de la Reforestaci\u00f3n , durante el que espera plantar al menos 85.000 \u00e1rboles en un total de 105 hect\u00e1reas, inform\u00f3 el  Ministerio de Ambiente . <\/p>\n<p>\u00abPanam\u00e1\u00a0es el \u00fanico pa\u00eds del mundo en el que en un d\u00eda el presidente y todos los ministros del gabinete se dedican a reforestar\u00bb, se\u00f1al\u00f3 en rueda de prensa el ministro de Ambiente, Emilio Sempris. <\/p>\n<p>En la edici\u00f3n del a\u00f1o pasado, se bati\u00f3 el r\u00e9cord y se consiguieron plantar 80.000 \u00e1rboles, 30.000 m\u00e1s que los reforestados en 2015. <\/p>\n<p>La jornada, que se realizar\u00e1 por tercer a\u00f1o consecutivo, se enmarca dentro de un proyecto mayor que se conoce como \u00abAlianza por el mill\u00f3n\u00bb y que tiene como objetivo repoblar un mill\u00f3n de hect\u00e1reas hasta 2020. <\/p>\n<p>La alianza medioambiental est\u00e1 impulsada por instituciones p\u00fablicas como los Ministerios de Ambiente y Desarrollo Agropecuario, as\u00ed como por empresas privadas, asociaciones ecologistas y la C\u00e1mara de Comercio, Industrias y Agricultura de\u00a0Panam\u00e1\u00a0(CCIAP). <\/p>\n<p>\u00abHagamos de la reforestaci\u00f3n una pr\u00e1ctica diaria, esta alianza es una meta pa\u00eds\u00bb, agreg\u00f3 el ministro. <\/p>\n<p>La Asociaci\u00f3n Nacional para la Conservaci\u00f3n de la Naturaleza (ANCON) calcula que cada a\u00f1o se pierden por la deforestaci\u00f3n en Panam\u00e1\u00a0cerca de 20.000 hect\u00e1reas y que en total hay 2 millones de hect\u00e1reas degradadas, de las cuales solo se ha podido recuperar el 14 %. <\/p>\n<p>Seg\u00fan un informe publicado por la ONU en 2014, la reducci\u00f3n de las masas forestales entre 1992 y 2012 supuso una p\u00e9rdida de 3.700 millones de d\u00f3lares para la econom\u00eda paname\u00f1a. <\/p>\n<p>En dicho informe se explica que la contribuci\u00f3n de los bosques a la econom\u00eda de un pa\u00eds se puede medir a trav\u00e9s del producto interior bruto (PIB), puesto que el sector forestal forma parte de una cadena de producci\u00f3n que directa o indirectamente incide en el sector agropecuario, industrial, de construcci\u00f3n y en las manufacturas. <\/p>\n<p>La provincia selv\u00e1tica de Dari\u00e9n, en la frontera con Colombia, y la comarca ind\u00edgena Ngab\u00e9 Bugl\u00e9, en el Caribe paname\u00f1o, son las m\u00e1s afectadas por la deforestaci\u00f3n.\u00a0 <\/p>\n<p>\u00a0 <\/p>\n","protected":false},"excerpt":{"rendered":"<p>Panam\u00e1\u00a0celebrar\u00e1 el pr\u00f3ximo 24 de junio el III D\u00eda Nacional <a href=\"https:\/\/sertv.gob.pa\/crisolfm\/85-mil-arboles-se-esperan-plantar-en-el-dia-de-la-reforestacion\/\"> [&#8230;]<\/a><\/p>\n","protected":false},"author":1,"featured_media":8286,"comment_status":"closed","ping_status":"closed","sticky":false,"template":"","format":"standard","meta":{"footnotes":""},"categories":[7],"tags":[],"class_list":["post-8285","post","type-post","status-publish","format-standard","has-post-thumbnail","hentry","category-ecologicas"],"_links":{"self":[{"href":"https:\/\/sertv.gob.pa\/crisolfm\/wp-json\/wp\/v2\/posts\/8285","targetHints":{"allow":["GET"]}}],"collection":[{"href":"https:\/\/sertv.gob.pa\/crisolfm\/wp-json\/wp\/v2\/posts"}],"about":[{"href":"https:\/\/sertv.gob.pa\/crisolfm\/wp-json\/wp\/v2\/types\/post"}],"author":[{"embeddable":true,"href":"https:\/\/sertv.gob.pa\/crisolfm\/wp-json\/wp\/v2\/users\/1"}],"replies":[{"embeddable":true,"href":"https:\/\/sertv.gob.pa\/crisolfm\/wp-json\/wp\/v2\/comments?post=8285"}],"version-history":[{"count":0,"href":"https:\/\/sertv.gob.pa\/crisolfm\/wp-json\/wp\/v2\/posts\/8285\/revisions"}],"wp:featuredmedia":[{"embeddable":true,"href":"https:\/\/sertv.gob.pa\/crisolfm\/wp-json\/wp\/v2\/media\/8286"}],"wp:attachment":[{"href":"https:\/\/sertv.gob.pa\/crisolfm\/wp-json\/wp\/v2\/media?parent=8285"}],"wp:term":[{"taxonomy":"category","embeddable":true,"href":"https:\/\/sertv.gob.pa\/crisolfm\/wp-json\/wp\/v2\/categories?post=8285"},{"taxonomy":"post_tag","embeddable":true,"href":"https:\/\/sertv.gob.pa\/crisolfm\/wp-json\/wp\/v2\/tags?post=8285"}],"curies":[{"name":"wp","href":"https:\/\/api.w.org\/{rel}","templated":true}]}}