{"id":8291,"date":"2017-05-11T15:50:16","date_gmt":"2017-05-11T15:50:16","guid":{"rendered":""},"modified":"2017-05-11T15:50:16","modified_gmt":"2017-05-11T15:50:16","slug":"leica-la-camara-mas-revolucionaria-y-democratica-en-exposicion","status":"publish","type":"post","link":"https:\/\/sertv.gob.pa\/crisolfm\/leica-la-camara-mas-revolucionaria-y-democratica-en-exposicion\/","title":{"rendered":"Leica, la c\u00e1mara m\u00e1s revolucionaria y democr\u00e1tica en exposici\u00f3n"},"content":{"rendered":"<p>\nSu ligereza y tama\u00f1o (400 gramos) as\u00ed como su precio asequible convirti\u00f3 a la Leica en una c\u00e1mara de fotos que no solo revolucion\u00f3 el mundo de la fotograf\u00eda profesional, sino que democratiz\u00f3 y llev\u00f3 este arte a todo el mundo. Ahora una exposici\u00f3n en Madrid muestra ese cambio de paradigma. <\/p>\n<p>A trav\u00e9s de 400 fotograf\u00edas tomadas por mitos como Cartier-Bresson, F.C. Gundlach, Fred Herzog, Elisabeth Hase o Robert Capa, la muestra \u00abCon los ojos bien abiertos. Cien a\u00f1os de fotograf\u00eda Leica\u00bb, que acoge desde hoy y hasta el 10 de septiembre la Fundaci\u00f3n Telef\u00f3nica, refleja el paso de pesadas y grandes c\u00e1maras a la peque\u00f1a Leica. <\/p>\n<p>Un cambio de lenguaje visual al que se acogieron fotoperiodistas luego de su lanzamiento al mercado en 1925 por Ernst Leitz, pero al que se sumaron a\u00f1os despu\u00e9s mujeres, hombre y ni\u00f1os que vieron en este peque\u00f1o dispositivo una forma de adentrarse en ese mundo que consist\u00eda en detener el tiempo. <\/p>\n<p>\u00abEsta exposici\u00f3n es necesaria en estos d\u00edas en los que todos somos fot\u00f3grafos, porque una fotograf\u00eda ha sido siempre una buena fotograf\u00eda\u00bb, destac\u00f3 Andreas Kaufmann, presidente del consejo de Leica Camera, durante la presentaci\u00f3n de esta muestra en la que el visitante no solo podr\u00e1 ver fotos m\u00edticas como \u00abMuerte de un miliciano\u00bb, de Robert Capa, o el ic\u00f3nico beso entre una enfermera y un soldado en Times Square, de Alfred Eisenstaedt. <\/p>\n<p>Igualmente podr\u00e1n contemplar piezas clave para entender esta revoluci\u00f3n: una r\u00e9plica de la Leica original de 1913-14, o la primera c\u00e1mara que se puso a la venta en 1925, as\u00ed como nueve c\u00e1maras m\u00e1s que muestran su evoluci\u00f3n. <\/p>\n<p>En palabras del comisario de la exposici\u00f3n, Hans-Michael Koetzle, se trataba de un nuevo formato cuya lente permit\u00eda captar a \u00abdimensiones cortas\u00bb por lo que, como se ve en estos centenares de im\u00e1genes, los primeros planos son los predominantes. <\/p>\n<p>\u00abLa Leica siempre nos acompa\u00f1aba, ten\u00eda casi los 37 grados de temperatura porque iba pegada a nuestro cuerpo\u00bb, brome\u00f3. <\/p>\n<p>\u00abCon los ojos bien abiertos. Cien a\u00f1os de fotograf\u00eda Leica\u00bb recorre diferentes per\u00edodos hist\u00f3ricos y art\u00edsticos como Leica y la \u00abNeues Sehen\u00bb (Nueva Visi\u00f3n), donde se desarrolla la idea de que esta c\u00e1mara fue fundamental en la creaci\u00f3n de un nuevo lenguaje visual o \u00abFotoperiodismo\u00bb, ya que permit\u00eda hacer una foto detr\u00e1s de otra, r\u00e1pidamente, lo cual jug\u00f3 a favor del reci\u00e9n nacido g\u00e9nero del reportaje. <\/p>\n<p>\u00a0 <\/p>\n","protected":false},"excerpt":{"rendered":"<p>Su ligereza y tama\u00f1o (400 gramos) as\u00ed como su precio <a href=\"https:\/\/sertv.gob.pa\/crisolfm\/leica-la-camara-mas-revolucionaria-y-democratica-en-exposicion\/\"> [&#8230;]<\/a><\/p>\n","protected":false},"author":1,"featured_media":8292,"comment_status":"closed","ping_status":"closed","sticky":false,"template":"","format":"standard","meta":{"footnotes":""},"categories":[6],"tags":[],"class_list":["post-8291","post","type-post","status-publish","format-standard","has-post-thumbnail","hentry","category-culturales"],"_links":{"self":[{"href":"https:\/\/sertv.gob.pa\/crisolfm\/wp-json\/wp\/v2\/posts\/8291","targetHints":{"allow":["GET"]}}],"collection":[{"href":"https:\/\/sertv.gob.pa\/crisolfm\/wp-json\/wp\/v2\/posts"}],"about":[{"href":"https:\/\/sertv.gob.pa\/crisolfm\/wp-json\/wp\/v2\/types\/post"}],"author":[{"embeddable":true,"href":"https:\/\/sertv.gob.pa\/crisolfm\/wp-json\/wp\/v2\/users\/1"}],"replies":[{"embeddable":true,"href":"https:\/\/sertv.gob.pa\/crisolfm\/wp-json\/wp\/v2\/comments?post=8291"}],"version-history":[{"count":0,"href":"https:\/\/sertv.gob.pa\/crisolfm\/wp-json\/wp\/v2\/posts\/8291\/revisions"}],"wp:featuredmedia":[{"embeddable":true,"href":"https:\/\/sertv.gob.pa\/crisolfm\/wp-json\/wp\/v2\/media\/8292"}],"wp:attachment":[{"href":"https:\/\/sertv.gob.pa\/crisolfm\/wp-json\/wp\/v2\/media?parent=8291"}],"wp:term":[{"taxonomy":"category","embeddable":true,"href":"https:\/\/sertv.gob.pa\/crisolfm\/wp-json\/wp\/v2\/categories?post=8291"},{"taxonomy":"post_tag","embeddable":true,"href":"https:\/\/sertv.gob.pa\/crisolfm\/wp-json\/wp\/v2\/tags?post=8291"}],"curies":[{"name":"wp","href":"https:\/\/api.w.org\/{rel}","templated":true}]}}