{"id":8299,"date":"2017-05-12T15:51:11","date_gmt":"2017-05-12T15:51:11","guid":{"rendered":""},"modified":"2017-05-12T15:51:11","modified_gmt":"2017-05-12T15:51:11","slug":"adrian-se-debilita-a-depresion-tropical","status":"publish","type":"post","link":"https:\/\/sertv.gob.pa\/crisolfm\/adrian-se-debilita-a-depresion-tropical\/","title":{"rendered":"\u201cAdri\u00e1n\u201d se debilita a depresi\u00f3n tropical"},"content":{"rendered":"<p>\nEl cicl\u00f3n Adri\u00e1n, el primero de la temporada 2017, se degrad\u00f3 a depresi\u00f3n tropical en las \u00faltimas horas y trae lluvias fuertes a los estados de Chiapas y Oaxaca, en el sur de M\u00e9xico, inform\u00f3 el Servicio Meteorol\u00f3gico Nacional (SMN). <\/p>\n<p>En su bolet\u00edn m\u00e1s reciente, el organismo mexicano se\u00f1al\u00f3 que la depresi\u00f3n tropical, que se form\u00f3 en la madrugada del mi\u00e9rcoles en el Pac\u00edfico, se localiz\u00f3 a 520 kil\u00f3metros al sur de Boca de Pijijiapan, Chiapas, y a 615 kil\u00f3metros al sur-sureste de Salina Cruz, Oaxaca. <\/p>\n<p>La tormenta, que avanza a 11 kil\u00f3metros por hora (km\/h) hacia el noroeste, causar\u00e1 intervalos de lluvias muy fuertes con tormentas puntuales intensas en Chiapas (75 a 150 mm) e intervalos de chubascos fuertes con tormentas puntuales muy fuertes en Oaxaca (50 a 75 mm). <\/p>\n<p>Igualmente ocasionar\u00e1 tormentas puntuales fuertes (25 a 50 mm) en Veracruz y Tabasco, en el este del pa\u00eds. El cicl\u00f3n registra vientos sostenidos de 45 kil\u00f3metros por hora y rachas de hasta 65 kil\u00f3metros por hora. Adem\u00e1s, provoca oleaje elevado de 2 a 3 metros y viento fuerte. <\/p>\n<p>&lsquo;El cicl\u00f3n se form\u00f3 5 d\u00edas antes del arranque de temporada, un hecho inusual&#8217;. <\/p>\n<p>\u00a0 <\/p>\n","protected":false},"excerpt":{"rendered":"<p>El cicl\u00f3n Adri\u00e1n, el primero de la temporada 2017, se <a href=\"https:\/\/sertv.gob.pa\/crisolfm\/adrian-se-debilita-a-depresion-tropical\/\"> [&#8230;]<\/a><\/p>\n","protected":false},"author":1,"featured_media":8300,"comment_status":"closed","ping_status":"closed","sticky":false,"template":"","format":"standard","meta":{"footnotes":""},"categories":[7],"tags":[],"class_list":["post-8299","post","type-post","status-publish","format-standard","has-post-thumbnail","hentry","category-ecologicas"],"_links":{"self":[{"href":"https:\/\/sertv.gob.pa\/crisolfm\/wp-json\/wp\/v2\/posts\/8299","targetHints":{"allow":["GET"]}}],"collection":[{"href":"https:\/\/sertv.gob.pa\/crisolfm\/wp-json\/wp\/v2\/posts"}],"about":[{"href":"https:\/\/sertv.gob.pa\/crisolfm\/wp-json\/wp\/v2\/types\/post"}],"author":[{"embeddable":true,"href":"https:\/\/sertv.gob.pa\/crisolfm\/wp-json\/wp\/v2\/users\/1"}],"replies":[{"embeddable":true,"href":"https:\/\/sertv.gob.pa\/crisolfm\/wp-json\/wp\/v2\/comments?post=8299"}],"version-history":[{"count":0,"href":"https:\/\/sertv.gob.pa\/crisolfm\/wp-json\/wp\/v2\/posts\/8299\/revisions"}],"wp:featuredmedia":[{"embeddable":true,"href":"https:\/\/sertv.gob.pa\/crisolfm\/wp-json\/wp\/v2\/media\/8300"}],"wp:attachment":[{"href":"https:\/\/sertv.gob.pa\/crisolfm\/wp-json\/wp\/v2\/media?parent=8299"}],"wp:term":[{"taxonomy":"category","embeddable":true,"href":"https:\/\/sertv.gob.pa\/crisolfm\/wp-json\/wp\/v2\/categories?post=8299"},{"taxonomy":"post_tag","embeddable":true,"href":"https:\/\/sertv.gob.pa\/crisolfm\/wp-json\/wp\/v2\/tags?post=8299"}],"curies":[{"name":"wp","href":"https:\/\/api.w.org\/{rel}","templated":true}]}}