{"id":8301,"date":"2017-05-12T16:16:41","date_gmt":"2017-05-12T16:16:41","guid":{"rendered":""},"modified":"2017-05-12T16:16:41","modified_gmt":"2017-05-12T16:16:41","slug":"en-el-jardin-botanico-de-quito-se-exhiben-230-bonsai","status":"publish","type":"post","link":"https:\/\/sertv.gob.pa\/crisolfm\/en-el-jardin-botanico-de-quito-se-exhiben-230-bonsai\/","title":{"rendered":"En el Jard\u00edn Bot\u00e1nico de Quito se exhiben 230 bons\u00e1i"},"content":{"rendered":"<p>\nEl pasado 4 de abril se inaugur\u00f3 el museo del \u00e1rbol bons\u00e1i en el Jard\u00edn Bot\u00e1nico de Quito, \u00a0\u00a0que se halla en el parque La Carolina. <\/p>\n<p>Peque\u00f1os \u00e1rboles desde los 3 hasta los 50 cent\u00edmetros forman parte del museo, donde se exhiben 230 bons\u00e1is, se indic\u00f3 mediante un comunicado, refiere el portal  lahora.com.ec . <\/p>\n<p>La directora ejecutiva del Jard\u00edn Bot\u00e1nico, Carolina Jij\u00f3n, explic\u00f3 que se trata de la s\u00e9ptima muestra de bons\u00e1is, pero en esta ocasi\u00f3n con un valor agregado, como es &ldquo;el nacimiento del Primer Pabell\u00f3n y Museo Vivo de Bons\u00e1is de Ecuador&rdquo;. <\/p>\n<p>Para el efecto, en el lugar se mont\u00f3 una infraestructura donde permanentemente se expondr\u00e1n m\u00e1s de 100 plantas de este tipo. <\/p>\n<p>La exhibici\u00f3n estar\u00e1 abierta hasta el 28 de mayo y, a partir de esa fecha, &ldquo;el Jard\u00edn Bot\u00e1nico de Quito se quedar\u00e1 con una destacada colecci\u00f3n, permanente, de m\u00e1s de 100 arbolitos en miniatura&rdquo;, indic\u00f3 Jij\u00f3n. <\/p>\n<p>El montaje de la exposici\u00f3n cont\u00f3 con la donaci\u00f3n de una experta en bons\u00e1is, Ruthie Horvath, quien entreg\u00f3 a la ciudad su colecci\u00f3n. El resto de ejemplares pertenece a clubes, asociaciones y colecciones privadas, detall\u00f3 el Municipio. <\/p>\n<p>Freddy Vivero, presidente de la Asociaci\u00f3n Bons\u00e1i Quito, explic\u00f3 que el arte de cultivar esas plantas &ldquo;viene desde oriente, es milenario, se dice que naci\u00f3 hace m\u00e1s de dos mil a\u00f1os en China, luego pas\u00f3 a Jap\u00f3n y este lo difundi\u00f3 por el mundo entero. Ahora es un arte, un pasatiempo que est\u00e1 regado por el planeta&rdquo;, expres\u00f3. <\/p>\n<p>\u00a0 <\/p>\n<p>\u00a0 <\/p>\n","protected":false},"excerpt":{"rendered":"<p>El pasado 4 de abril se inaugur\u00f3 el museo del <a href=\"https:\/\/sertv.gob.pa\/crisolfm\/en-el-jardin-botanico-de-quito-se-exhiben-230-bonsai\/\"> [&#8230;]<\/a><\/p>\n","protected":false},"author":1,"featured_media":8302,"comment_status":"closed","ping_status":"closed","sticky":false,"template":"","format":"standard","meta":{"footnotes":""},"categories":[7],"tags":[],"class_list":["post-8301","post","type-post","status-publish","format-standard","has-post-thumbnail","hentry","category-ecologicas"],"_links":{"self":[{"href":"https:\/\/sertv.gob.pa\/crisolfm\/wp-json\/wp\/v2\/posts\/8301","targetHints":{"allow":["GET"]}}],"collection":[{"href":"https:\/\/sertv.gob.pa\/crisolfm\/wp-json\/wp\/v2\/posts"}],"about":[{"href":"https:\/\/sertv.gob.pa\/crisolfm\/wp-json\/wp\/v2\/types\/post"}],"author":[{"embeddable":true,"href":"https:\/\/sertv.gob.pa\/crisolfm\/wp-json\/wp\/v2\/users\/1"}],"replies":[{"embeddable":true,"href":"https:\/\/sertv.gob.pa\/crisolfm\/wp-json\/wp\/v2\/comments?post=8301"}],"version-history":[{"count":0,"href":"https:\/\/sertv.gob.pa\/crisolfm\/wp-json\/wp\/v2\/posts\/8301\/revisions"}],"wp:featuredmedia":[{"embeddable":true,"href":"https:\/\/sertv.gob.pa\/crisolfm\/wp-json\/wp\/v2\/media\/8302"}],"wp:attachment":[{"href":"https:\/\/sertv.gob.pa\/crisolfm\/wp-json\/wp\/v2\/media?parent=8301"}],"wp:term":[{"taxonomy":"category","embeddable":true,"href":"https:\/\/sertv.gob.pa\/crisolfm\/wp-json\/wp\/v2\/categories?post=8301"},{"taxonomy":"post_tag","embeddable":true,"href":"https:\/\/sertv.gob.pa\/crisolfm\/wp-json\/wp\/v2\/tags?post=8301"}],"curies":[{"name":"wp","href":"https:\/\/api.w.org\/{rel}","templated":true}]}}