{"id":8309,"date":"2017-05-14T18:44:00","date_gmt":"2017-05-14T18:44:00","guid":{"rendered":""},"modified":"2017-05-14T18:44:00","modified_gmt":"2017-05-14T18:44:00","slug":"costa-rica-anuncia-compra-de-100-carros-electricos","status":"publish","type":"post","link":"https:\/\/sertv.gob.pa\/crisolfm\/costa-rica-anuncia-compra-de-100-carros-electricos\/","title":{"rendered":"Costa Rica anuncia compra de 100 carros el\u00e9ctricos"},"content":{"rendered":"<p>\nCon una inversi\u00f3n de 5 millones de d\u00f3lares, el Instituto Costarricenses de Electricidad anunci\u00f3 que comprar\u00e1 100 carros el\u00e9ctricos, tipo sed\u00e1n, con los cuales sustituir\u00e1 los veh\u00edculos con motores convencionales. <\/p>\n<p>Los recursos los aportar\u00eda el Banco Interamericano de Desarrollo (BID). <\/p>\n<p>La flota ser\u00e1 integrada en 2018 y, junto a los veh\u00edculos, se adquirir\u00e1n 100 cargadores, que se conectar\u00e1n en las noches para asegurar la disponibilidad de la flotilla durante el d\u00eda as\u00ed como para incentivar el uso eficiente de la energ\u00eda. <\/p>\n<p>Las marcas y modelos se determinar\u00e1n mediante licitaci\u00f3n p\u00fablica. El proveedor deber\u00e1 ser un distribuidor establecido en Costa Rica, que se comprometer\u00e1 a ofrecer los veh\u00edculos en el mercado nacional y a instalar talleres especializados abiertos al p\u00fablico. <\/p>\n<p>La presidenta de la organizaci\u00f3n no gubernamental Costa Rica Limpia, M\u00f3nica Araya, opin\u00f3 que esta decisi\u00f3n del ICE tendr\u00e1 un efecto demostrativo importante. &ldquo;Estos 100 carros, que no contaminan, ayudar\u00e1n a romper mitos respecto a estas tecnolog\u00edas, adem\u00e1s de que generar\u00e1n ahorros mensuales en gasolina y di\u00e9sel&rdquo;, coment\u00f3 la promotora del transporte el\u00e9ctrico en el pa\u00eds. <\/p>\n<p>\u00a0A su juicio, la decisi\u00f3n de comprarlos env\u00eda un mensaje a otras entidades p\u00fablicas, pues las compras del Estado que se hacen con los impuestos que pagamos los costarricenses deber\u00edan favorecer los veh\u00edculos cero emisiones y ayudar a mejorar la calidad del aire. <\/p>\n<p>\u00a0 <\/p>\n<p>\u00a0 <\/p>\n","protected":false},"excerpt":{"rendered":"<p>Con una inversi\u00f3n de 5 millones de d\u00f3lares, el Instituto <a href=\"https:\/\/sertv.gob.pa\/crisolfm\/costa-rica-anuncia-compra-de-100-carros-electricos\/\"> [&#8230;]<\/a><\/p>\n","protected":false},"author":1,"featured_media":8310,"comment_status":"closed","ping_status":"closed","sticky":false,"template":"","format":"standard","meta":{"footnotes":""},"categories":[7],"tags":[],"class_list":["post-8309","post","type-post","status-publish","format-standard","has-post-thumbnail","hentry","category-ecologicas"],"_links":{"self":[{"href":"https:\/\/sertv.gob.pa\/crisolfm\/wp-json\/wp\/v2\/posts\/8309","targetHints":{"allow":["GET"]}}],"collection":[{"href":"https:\/\/sertv.gob.pa\/crisolfm\/wp-json\/wp\/v2\/posts"}],"about":[{"href":"https:\/\/sertv.gob.pa\/crisolfm\/wp-json\/wp\/v2\/types\/post"}],"author":[{"embeddable":true,"href":"https:\/\/sertv.gob.pa\/crisolfm\/wp-json\/wp\/v2\/users\/1"}],"replies":[{"embeddable":true,"href":"https:\/\/sertv.gob.pa\/crisolfm\/wp-json\/wp\/v2\/comments?post=8309"}],"version-history":[{"count":0,"href":"https:\/\/sertv.gob.pa\/crisolfm\/wp-json\/wp\/v2\/posts\/8309\/revisions"}],"wp:featuredmedia":[{"embeddable":true,"href":"https:\/\/sertv.gob.pa\/crisolfm\/wp-json\/wp\/v2\/media\/8310"}],"wp:attachment":[{"href":"https:\/\/sertv.gob.pa\/crisolfm\/wp-json\/wp\/v2\/media?parent=8309"}],"wp:term":[{"taxonomy":"category","embeddable":true,"href":"https:\/\/sertv.gob.pa\/crisolfm\/wp-json\/wp\/v2\/categories?post=8309"},{"taxonomy":"post_tag","embeddable":true,"href":"https:\/\/sertv.gob.pa\/crisolfm\/wp-json\/wp\/v2\/tags?post=8309"}],"curies":[{"name":"wp","href":"https:\/\/api.w.org\/{rel}","templated":true}]}}