{"id":8317,"date":"2017-05-15T15:35:37","date_gmt":"2017-05-15T15:35:37","guid":{"rendered":""},"modified":"2017-05-15T15:35:37","modified_gmt":"2017-05-15T15:35:37","slug":"en-nicaragua-protegen-reserva-indio-maiz","status":"publish","type":"post","link":"https:\/\/sertv.gob.pa\/crisolfm\/en-nicaragua-protegen-reserva-indio-maiz\/","title":{"rendered":"En Nicaragua protegen reserva \u201cIndio Ma\u00edz\u201d"},"content":{"rendered":"<p>\nEl Poder Ejecutivo de Nicaragua y el Gobierno Territorial Ind\u00edgena Rama y Kriol (GTIRK) acordaron no otorgar m\u00e1s permisos para extraer madera de la Reserva de Biosfera Indio Ma\u00edz, informaron las autoridades aut\u00f3ctonas. <\/p>\n<p>No se otorgar\u00e1n permisos de aprovechamiento forestal en tierras comunales de la Reserva Biol\u00f3gica Indio Ma\u00edz, excepto los permisos de uso domiciliar en zonas autorizadas que lo efectuar\u00e1 el Marena (Ministerio del Ambiente y los Recursos Naturales) en coordinaci\u00f3n con el GTIRK y las alcald\u00edas municipales colindantes. <\/p>\n<p>\u00a0 <\/p>\n","protected":false},"excerpt":{"rendered":"<p>El Poder Ejecutivo de Nicaragua y el Gobierno Territorial Ind\u00edgena <a href=\"https:\/\/sertv.gob.pa\/crisolfm\/en-nicaragua-protegen-reserva-indio-maiz\/\"> [&#8230;]<\/a><\/p>\n","protected":false},"author":1,"featured_media":8318,"comment_status":"closed","ping_status":"closed","sticky":false,"template":"","format":"standard","meta":{"footnotes":""},"categories":[7],"tags":[],"class_list":["post-8317","post","type-post","status-publish","format-standard","has-post-thumbnail","hentry","category-ecologicas"],"_links":{"self":[{"href":"https:\/\/sertv.gob.pa\/crisolfm\/wp-json\/wp\/v2\/posts\/8317","targetHints":{"allow":["GET"]}}],"collection":[{"href":"https:\/\/sertv.gob.pa\/crisolfm\/wp-json\/wp\/v2\/posts"}],"about":[{"href":"https:\/\/sertv.gob.pa\/crisolfm\/wp-json\/wp\/v2\/types\/post"}],"author":[{"embeddable":true,"href":"https:\/\/sertv.gob.pa\/crisolfm\/wp-json\/wp\/v2\/users\/1"}],"replies":[{"embeddable":true,"href":"https:\/\/sertv.gob.pa\/crisolfm\/wp-json\/wp\/v2\/comments?post=8317"}],"version-history":[{"count":0,"href":"https:\/\/sertv.gob.pa\/crisolfm\/wp-json\/wp\/v2\/posts\/8317\/revisions"}],"wp:featuredmedia":[{"embeddable":true,"href":"https:\/\/sertv.gob.pa\/crisolfm\/wp-json\/wp\/v2\/media\/8318"}],"wp:attachment":[{"href":"https:\/\/sertv.gob.pa\/crisolfm\/wp-json\/wp\/v2\/media?parent=8317"}],"wp:term":[{"taxonomy":"category","embeddable":true,"href":"https:\/\/sertv.gob.pa\/crisolfm\/wp-json\/wp\/v2\/categories?post=8317"},{"taxonomy":"post_tag","embeddable":true,"href":"https:\/\/sertv.gob.pa\/crisolfm\/wp-json\/wp\/v2\/tags?post=8317"}],"curies":[{"name":"wp","href":"https:\/\/api.w.org\/{rel}","templated":true}]}}