{"id":8341,"date":"2017-05-17T15:27:06","date_gmt":"2017-05-17T15:27:06","guid":{"rendered":""},"modified":"2017-05-17T15:27:06","modified_gmt":"2017-05-17T15:27:06","slug":"para-tema-ambiental-crean-plataforma-digital","status":"publish","type":"post","link":"https:\/\/sertv.gob.pa\/crisolfm\/para-tema-ambiental-crean-plataforma-digital\/","title":{"rendered":"Para tema ambiental crean plataforma digital"},"content":{"rendered":"<p>\nEl Gobierno de Argentina present\u00f3 una herramienta que permite el acceso a informaci\u00f3n ambiental a trav\u00e9s de una plataforma en internet, que busca reunir datos para poder medir la calidad del medio ambiente, informaron fuentes oficiales. <\/p>\n<p>Se trata de la Red Federal de Monitoreo Ambiental (Red FEMA), la primera que integra en el pa\u00eds austral referencias de calidad del aire, agua y suelo provenientes de los sectores p\u00fablico y privado. <\/p>\n<p>Creada en el marco de un proyecto del Programas de las Naciones Unidas para el Desarrollo (PNUD), su prop\u00f3sito fundamental es reunir, de forma virtual, estaciones de monitoreo y constituir un sistema de gesti\u00f3n de datos ambientales &lsquo;organizado, din\u00e1mico e integral&#8217; de medici\u00f3n, almacenamiento, transmisi\u00f3n y procesamiento. <\/p>\n<p>&lsquo;Para posibilitar el seguimiento continuo de la calidad de los elementos mencionados en las distintas regiones de Argentina&#8217;, explic\u00f3 el Ministerio de Ambiente y Desarrollo Sustentable en una nota de prensa. <\/p>\n<p>La Red FEMA ofrece un sitio web de f\u00e1cil acceso para la recopilaci\u00f3n y verificaci\u00f3n de datos aportados por organismos de gesti\u00f3n ambiental, acad\u00e9micos o cient\u00edficos. <\/p>\n<p>El ministro de Ambiente, Sergio Bergman, explic\u00f3 que la importancia de la iniciativa reside en &ldquo;consolidar informaci\u00f3n dispersa presente en un sinn\u00famero de agencias, tanto p\u00fablicas como privadas&rdquo;. \u00a0&ldquo;M\u00e1s de 200 instituciones fueron relevadas y han manifestado su vocaci\u00f3n y voluntad de aportar datos que son importantes para que tengamos una l\u00ednea de base&rdquo;, agreg\u00f3 el jerarca. <\/p>\n<p>Por su parte, el secretario de Control y Monitoreo Ambiental, Javier Ureta, se mostr\u00f3 convencido de que para poder tomar las decisiones &ldquo;correctas&rdquo; hay que tener un &ldquo;claro diagn\u00f3stico&rdquo; del estado &ldquo;del agua, el suelo y el aire&rdquo;. <\/p>\n<p>\u00a0 <\/p>\n","protected":false},"excerpt":{"rendered":"<p>El Gobierno de Argentina present\u00f3 una herramienta que permite el <a href=\"https:\/\/sertv.gob.pa\/crisolfm\/para-tema-ambiental-crean-plataforma-digital\/\"> [&#8230;]<\/a><\/p>\n","protected":false},"author":1,"featured_media":8342,"comment_status":"closed","ping_status":"closed","sticky":false,"template":"","format":"standard","meta":{"footnotes":""},"categories":[7],"tags":[],"class_list":["post-8341","post","type-post","status-publish","format-standard","has-post-thumbnail","hentry","category-ecologicas"],"_links":{"self":[{"href":"https:\/\/sertv.gob.pa\/crisolfm\/wp-json\/wp\/v2\/posts\/8341","targetHints":{"allow":["GET"]}}],"collection":[{"href":"https:\/\/sertv.gob.pa\/crisolfm\/wp-json\/wp\/v2\/posts"}],"about":[{"href":"https:\/\/sertv.gob.pa\/crisolfm\/wp-json\/wp\/v2\/types\/post"}],"author":[{"embeddable":true,"href":"https:\/\/sertv.gob.pa\/crisolfm\/wp-json\/wp\/v2\/users\/1"}],"replies":[{"embeddable":true,"href":"https:\/\/sertv.gob.pa\/crisolfm\/wp-json\/wp\/v2\/comments?post=8341"}],"version-history":[{"count":0,"href":"https:\/\/sertv.gob.pa\/crisolfm\/wp-json\/wp\/v2\/posts\/8341\/revisions"}],"wp:featuredmedia":[{"embeddable":true,"href":"https:\/\/sertv.gob.pa\/crisolfm\/wp-json\/wp\/v2\/media\/8342"}],"wp:attachment":[{"href":"https:\/\/sertv.gob.pa\/crisolfm\/wp-json\/wp\/v2\/media?parent=8341"}],"wp:term":[{"taxonomy":"category","embeddable":true,"href":"https:\/\/sertv.gob.pa\/crisolfm\/wp-json\/wp\/v2\/categories?post=8341"},{"taxonomy":"post_tag","embeddable":true,"href":"https:\/\/sertv.gob.pa\/crisolfm\/wp-json\/wp\/v2\/tags?post=8341"}],"curies":[{"name":"wp","href":"https:\/\/api.w.org\/{rel}","templated":true}]}}