{"id":8343,"date":"2017-05-17T15:57:47","date_gmt":"2017-05-17T15:57:47","guid":{"rendered":""},"modified":"2017-05-17T15:57:47","modified_gmt":"2017-05-17T15:57:47","slug":"contra-gobierno-de-brasil-protesta-greenpeace","status":"publish","type":"post","link":"https:\/\/sertv.gob.pa\/crisolfm\/contra-gobierno-de-brasil-protesta-greenpeace\/","title":{"rendered":"Contra Gobierno de Brasil protesta Greenpeace"},"content":{"rendered":"<p>\nUna decena de activistas del grupo ecologista Greenpeace protest\u00f3 en Brasilia contra medidas impulsadas por el Gobierno de Michel Temer, que &ldquo;incrementar\u00e1n&rdquo; los riesgos medioambientales y la &ldquo;persistente deforestaci\u00f3n amaz\u00f3nica&rdquo;. <\/p>\n<p>Los manifestantes se concentraron frente a la sede del Congreso, ante la cual exhibieron una motosierra de pl\u00e1stico y ocho metros de largo, junto a un cartel en el que se le\u00eda &ldquo;el fin de las selvas comienza aqu\u00ed&rdquo;. <\/p>\n<p>Seg\u00fan Greenpeace, dos medidas dictadas por el Gobierno de Temer en los \u00faltimos meses, que est\u00e1n en discusi\u00f3n en el Parlamento, dar\u00e1n lugar a una fuerte reducci\u00f3n de las \u00e1reas protegidas que el pa\u00eds mantiene en la regi\u00f3n amaz\u00f3nica, en beneficio de grandes hacendados y productores agropecuarios. <\/p>\n<p>Mediante esas iniciativas, el Ejecutivo propone darle car\u00e1cter legal a ocupaciones en tierras protegidas que tienen ya d\u00e9cadas, y fomentar las actividades productivas que ya se desarrollan en esas zonas. <\/p>\n<p>Sin embargo, seg\u00fan un comunicado difundido por Greenpeace, esas medidas son una &ldquo;amenaza&rdquo;, &ldquo;representan un premio para aquellos que invadieron tierras protegidas de manera ilegal&rdquo; y propiciar\u00e1n &ldquo;nuevas ocupaciones&rdquo; y un &ldquo;aumento de la violencia&rdquo; en el campo. <\/p>\n<p>En esa nota, la activista Cristiane Mazzeti, portavoz de la organizaci\u00f3n ecologista, afirm\u00f3 que esas iniciativas y otras que estudia el Gobierno de Temer, entre las que cit\u00f3 la propuesta de vender tierras en la Amazon\u00eda a capitales extranjeros, &ldquo;har\u00e1n que las pol\u00edticas medioambientales de Brasil retrocedan d\u00e9cadas&rdquo;. <\/p>\n<p>\u00a0 <\/p>\n","protected":false},"excerpt":{"rendered":"<p>Una decena de activistas del grupo ecologista Greenpeace protest\u00f3 en <a href=\"https:\/\/sertv.gob.pa\/crisolfm\/contra-gobierno-de-brasil-protesta-greenpeace\/\"> [&#8230;]<\/a><\/p>\n","protected":false},"author":1,"featured_media":8344,"comment_status":"closed","ping_status":"closed","sticky":false,"template":"","format":"standard","meta":{"footnotes":""},"categories":[7],"tags":[],"class_list":["post-8343","post","type-post","status-publish","format-standard","has-post-thumbnail","hentry","category-ecologicas"],"_links":{"self":[{"href":"https:\/\/sertv.gob.pa\/crisolfm\/wp-json\/wp\/v2\/posts\/8343","targetHints":{"allow":["GET"]}}],"collection":[{"href":"https:\/\/sertv.gob.pa\/crisolfm\/wp-json\/wp\/v2\/posts"}],"about":[{"href":"https:\/\/sertv.gob.pa\/crisolfm\/wp-json\/wp\/v2\/types\/post"}],"author":[{"embeddable":true,"href":"https:\/\/sertv.gob.pa\/crisolfm\/wp-json\/wp\/v2\/users\/1"}],"replies":[{"embeddable":true,"href":"https:\/\/sertv.gob.pa\/crisolfm\/wp-json\/wp\/v2\/comments?post=8343"}],"version-history":[{"count":0,"href":"https:\/\/sertv.gob.pa\/crisolfm\/wp-json\/wp\/v2\/posts\/8343\/revisions"}],"wp:featuredmedia":[{"embeddable":true,"href":"https:\/\/sertv.gob.pa\/crisolfm\/wp-json\/wp\/v2\/media\/8344"}],"wp:attachment":[{"href":"https:\/\/sertv.gob.pa\/crisolfm\/wp-json\/wp\/v2\/media?parent=8343"}],"wp:term":[{"taxonomy":"category","embeddable":true,"href":"https:\/\/sertv.gob.pa\/crisolfm\/wp-json\/wp\/v2\/categories?post=8343"},{"taxonomy":"post_tag","embeddable":true,"href":"https:\/\/sertv.gob.pa\/crisolfm\/wp-json\/wp\/v2\/tags?post=8343"}],"curies":[{"name":"wp","href":"https:\/\/api.w.org\/{rel}","templated":true}]}}