{"id":8347,"date":"2017-05-18T14:47:27","date_gmt":"2017-05-18T14:47:27","guid":{"rendered":""},"modified":"2017-05-18T14:47:27","modified_gmt":"2017-05-18T14:47:27","slug":"alcaldia-remplazara-arbol-enfermo","status":"publish","type":"post","link":"https:\/\/sertv.gob.pa\/crisolfm\/alcaldia-remplazara-arbol-enfermo\/","title":{"rendered":"Alcald\u00eda remplazar\u00e1 \u00e1rbol enfermo"},"content":{"rendered":"<p>\nTras un estudio minucioso que incluy\u00f3 la pr\u00e1ctica de una tomograf\u00eda y posterior diagn\u00f3stico del Instituto Smithsonian, \u00a0la alcald\u00eda de Panam\u00e1 proceder\u00e1 el pr\u00f3ximo fin de semana a reemplazar el \u00a0\u00e1rbol de Caoba ubicado frente a la antigua Exedra Book, en el cruce de v\u00eda Espa\u00f1a con v\u00eda Brasil.<br \/>\n\u00a0<br \/>\nEl \u00e1rbol tiene m\u00e1s de 80 a\u00f1os y presenta un da\u00f1o irreversible en su estructura interna que supera \u00a0el 75% de la totalidad, por lo que se le considera como &ldquo;un \u00e1rbol muerto por dentro que puede derrumbarse por los elementos del tiempo ya que sus ra\u00edces est\u00e1n totalmente debilitadas&rdquo;.<br \/>\n\u00a0<br \/>\n\u00abLos especialistas dictaminaron que \u00a0no hay \u00a0esperanzas de poder recuperar la salud del \u00e1rbol y el mismo representa una amenaza real por su enorme tama\u00f1o e \u00a0inclinaci\u00f3n hacia la concurrida v\u00eda, convirti\u00e9ndose \u00a0en un peligro inminente para los automovilistas y peatones\u00bb, detall\u00f3 el Municpio de Panam\u00e1 en un comunicado de prensa.<br \/>\n\u00a0<br \/>\nSeg\u00fan Ennio Arcia, director de Gesti\u00f3n Ambiental, la alcald\u00eda de Panam\u00e1 mantiene un programa de registro, monitoreo y estudio de los \u00e1rboles existentes en los \u00a0espacios p\u00fablicos del distrito capital. Los resultados los remite al Instituto Smithsonian para su evaluaci\u00f3n y diagn\u00f3stico para luego proceder con las medidas de cada caso.<br \/>\n\u00a0<br \/>\n\u00a0La alcald\u00eda de Panam\u00e1 indica que los \u00e1rboles que son talados por estar enfermos o muertos en su estructura interna \u00a0son reemplazados por nuevos \u00e1rboles cuyas caracter\u00edsticas permitan su siembra. <\/p>\n","protected":false},"excerpt":{"rendered":"<p>Tras un estudio minucioso que incluy\u00f3 la pr\u00e1ctica de una <a href=\"https:\/\/sertv.gob.pa\/crisolfm\/alcaldia-remplazara-arbol-enfermo\/\"> [&#8230;]<\/a><\/p>\n","protected":false},"author":1,"featured_media":8348,"comment_status":"closed","ping_status":"closed","sticky":false,"template":"","format":"standard","meta":{"footnotes":""},"categories":[7],"tags":[],"class_list":["post-8347","post","type-post","status-publish","format-standard","has-post-thumbnail","hentry","category-ecologicas"],"_links":{"self":[{"href":"https:\/\/sertv.gob.pa\/crisolfm\/wp-json\/wp\/v2\/posts\/8347","targetHints":{"allow":["GET"]}}],"collection":[{"href":"https:\/\/sertv.gob.pa\/crisolfm\/wp-json\/wp\/v2\/posts"}],"about":[{"href":"https:\/\/sertv.gob.pa\/crisolfm\/wp-json\/wp\/v2\/types\/post"}],"author":[{"embeddable":true,"href":"https:\/\/sertv.gob.pa\/crisolfm\/wp-json\/wp\/v2\/users\/1"}],"replies":[{"embeddable":true,"href":"https:\/\/sertv.gob.pa\/crisolfm\/wp-json\/wp\/v2\/comments?post=8347"}],"version-history":[{"count":0,"href":"https:\/\/sertv.gob.pa\/crisolfm\/wp-json\/wp\/v2\/posts\/8347\/revisions"}],"wp:featuredmedia":[{"embeddable":true,"href":"https:\/\/sertv.gob.pa\/crisolfm\/wp-json\/wp\/v2\/media\/8348"}],"wp:attachment":[{"href":"https:\/\/sertv.gob.pa\/crisolfm\/wp-json\/wp\/v2\/media?parent=8347"}],"wp:term":[{"taxonomy":"category","embeddable":true,"href":"https:\/\/sertv.gob.pa\/crisolfm\/wp-json\/wp\/v2\/categories?post=8347"},{"taxonomy":"post_tag","embeddable":true,"href":"https:\/\/sertv.gob.pa\/crisolfm\/wp-json\/wp\/v2\/tags?post=8347"}],"curies":[{"name":"wp","href":"https:\/\/api.w.org\/{rel}","templated":true}]}}