{"id":8359,"date":"2017-05-19T15:36:35","date_gmt":"2017-05-19T15:36:35","guid":{"rendered":""},"modified":"2017-05-19T15:36:35","modified_gmt":"2017-05-19T15:36:35","slug":"festival-de-carne-de-perro-sera-prohibido-en-china","status":"publish","type":"post","link":"https:\/\/sertv.gob.pa\/crisolfm\/festival-de-carne-de-perro-sera-prohibido-en-china\/","title":{"rendered":"Festival de Carne de Perro ser\u00e1 prohibido en China"},"content":{"rendered":"<p>\nLuego de \u00a0a\u00f1os de protestas de grupos ecologistas, las autoridades de Yulin (sur de China) finalmente prohibir\u00e1n la venta de carne de perro en el festival dedicado a este controvertido consumo que se realiza cada 21 de junio en la ciudad, anunciaron activistas. <\/p>\n<p>De acuerdo con un comunicado de las organizaciones china Duo Duo Project y la brit\u00e1nica Humane Society International (HSI), que participaron en a\u00f1os pasados en las protestas contra el festival, el Gobierno local de Yulin prohibir\u00e1 a partir del 15 de junio la venta de carne de perro en restaurantes, mercados y otros comercios. <\/p>\n<p>Quienes violen la prohibici\u00f3n, que llegar\u00e1 menos de una semana antes de que inicie el festival y ha sido confirmada a las dos organizaciones por varios comerciantes, podr\u00edan ser castigados con multas de hasta 100.000 yuanes (unos 14.500 d\u00f3lares) o detenidos por la polic\u00eda, destac\u00f3 el comunicado. <\/p>\n<p>El gobierno local, contactado por Efe, se neg\u00f3 a confirmar esta prohibici\u00f3n, y responsables de su n\u00famero local de atenci\u00f3n al ciudadano colgaron el tel\u00e9fono al ser preguntados por ella. <\/p>\n<p>La medida, dictada por el nuevo comisario pol\u00edtico del Partido Comunista en Yulin, Mo Gongming, fue recibida con prudencia por las organizaciones, ya que podr\u00eda ser s\u00f3lo una prohibici\u00f3n temporal, aunque por otro lado la han calificado de \u00abvictoria decisiva\u00bb en la campa\u00f1a para acabar con el consumo de carne de perro en China. <\/p>\n<p>\u00abIncluso si se trata de un veto temporal, esperamos que tenga un efecto domin\u00f3 y lleve a la ca\u00edda del comercio de carne de perro\u00bb, destac\u00f3 en el comunicado la directora de Duo Duo Project, Andrea Gung. <\/p>\n<p>\u00abEs el principio del fin para un evento horripilante, que se ha convertido en el s\u00edmbolo de un comercio, el de la carne de perro, basado en actividades criminales\u00bb, destac\u00f3 por su parte el experto en China de HSI, Peter Li, en alusi\u00f3n a que muchos perros sacrificados en Yulin son robados o secuestrados. <\/p>\n","protected":false},"excerpt":{"rendered":"<p>Luego de \u00a0a\u00f1os de protestas de grupos ecologistas, las autoridades <a href=\"https:\/\/sertv.gob.pa\/crisolfm\/festival-de-carne-de-perro-sera-prohibido-en-china\/\"> [&#8230;]<\/a><\/p>\n","protected":false},"author":1,"featured_media":8360,"comment_status":"closed","ping_status":"closed","sticky":false,"template":"","format":"standard","meta":{"footnotes":""},"categories":[7],"tags":[],"class_list":["post-8359","post","type-post","status-publish","format-standard","has-post-thumbnail","hentry","category-ecologicas"],"_links":{"self":[{"href":"https:\/\/sertv.gob.pa\/crisolfm\/wp-json\/wp\/v2\/posts\/8359","targetHints":{"allow":["GET"]}}],"collection":[{"href":"https:\/\/sertv.gob.pa\/crisolfm\/wp-json\/wp\/v2\/posts"}],"about":[{"href":"https:\/\/sertv.gob.pa\/crisolfm\/wp-json\/wp\/v2\/types\/post"}],"author":[{"embeddable":true,"href":"https:\/\/sertv.gob.pa\/crisolfm\/wp-json\/wp\/v2\/users\/1"}],"replies":[{"embeddable":true,"href":"https:\/\/sertv.gob.pa\/crisolfm\/wp-json\/wp\/v2\/comments?post=8359"}],"version-history":[{"count":0,"href":"https:\/\/sertv.gob.pa\/crisolfm\/wp-json\/wp\/v2\/posts\/8359\/revisions"}],"wp:featuredmedia":[{"embeddable":true,"href":"https:\/\/sertv.gob.pa\/crisolfm\/wp-json\/wp\/v2\/media\/8360"}],"wp:attachment":[{"href":"https:\/\/sertv.gob.pa\/crisolfm\/wp-json\/wp\/v2\/media?parent=8359"}],"wp:term":[{"taxonomy":"category","embeddable":true,"href":"https:\/\/sertv.gob.pa\/crisolfm\/wp-json\/wp\/v2\/categories?post=8359"},{"taxonomy":"post_tag","embeddable":true,"href":"https:\/\/sertv.gob.pa\/crisolfm\/wp-json\/wp\/v2\/tags?post=8359"}],"curies":[{"name":"wp","href":"https:\/\/api.w.org\/{rel}","templated":true}]}}