{"id":8361,"date":"2017-05-19T15:53:22","date_gmt":"2017-05-19T15:53:22","guid":{"rendered":""},"modified":"2017-05-19T15:53:22","modified_gmt":"2017-05-19T15:53:22","slug":"a-partir-de-agosto-habra-restricciones-para-el-uso-del-mercurio","status":"publish","type":"post","link":"https:\/\/sertv.gob.pa\/crisolfm\/a-partir-de-agosto-habra-restricciones-para-el-uso-del-mercurio\/","title":{"rendered":"A partir de agosto habr\u00e1 restricciones para el uso del mercurio"},"content":{"rendered":"<p>\nCon la ratificaci\u00f3n, este jueves, por parte de la Uni\u00f3n Europea y 6 de sus miembros (Bulgaria, Hungr\u00eda, Malta, Holanda, Rumania y Suecia) del Convenio de Minamata, el uso del mercurio, considerado uno de los diez qu\u00edmicos que m\u00e1s amenazan la salud del planeta, se comenzar\u00e1 a restringir desde el pr\u00f3ximo mes de agosto. <\/p>\n<p>La medida ser\u00e1 posible luego de que se lograra superar el umbral de las cincuenta ratificaciones para que entre en vigor el acuerdo internacional que regula el uso del peligroso metal, el Convenio de Minamata, inform\u00f3 el Programa de las Naciones Unidas para del Medio Ambiente (PNUMA), mediante un comunicado. <\/p>\n<p>La UE fue la n\u00famero 51 en ratificar el documento, que ha sido firmado por 128 pa\u00edses. Panam\u00e1 lo ratific\u00f3 en 2015. <\/p>\n<p>El Convenio es el resultado de un acuerdo alcanzado por los gobiernos en enero de 2013, el cual los compromete a tomar acciones para controlar la contaminaci\u00f3n por mercurio derivada de actividades humanas, indic\u00f3 el PNUMA. <\/p>\n<p>Las medidas incluyen prohibir nuevas minas de mercurio, clausurar aquellas que ya existen, regular la miner\u00eda de oro artesanal y de peque\u00f1a escala, y disminuir el uso y emisiones del mercurio. <\/p>\n<p>El acuerdo igualmente estipula condiciones para un almacenamiento provisional y disposici\u00f3n final de desechos de mercurio, debido a que este metal es indestructible. <\/p>\n<p>\u00a0 <\/p>\n<p>\u00a0 <\/p>\n","protected":false},"excerpt":{"rendered":"<p>Con la ratificaci\u00f3n, este jueves, por parte de la Uni\u00f3n <a href=\"https:\/\/sertv.gob.pa\/crisolfm\/a-partir-de-agosto-habra-restricciones-para-el-uso-del-mercurio\/\"> [&#8230;]<\/a><\/p>\n","protected":false},"author":1,"featured_media":8362,"comment_status":"closed","ping_status":"closed","sticky":false,"template":"","format":"standard","meta":{"footnotes":""},"categories":[7],"tags":[],"class_list":["post-8361","post","type-post","status-publish","format-standard","has-post-thumbnail","hentry","category-ecologicas"],"_links":{"self":[{"href":"https:\/\/sertv.gob.pa\/crisolfm\/wp-json\/wp\/v2\/posts\/8361","targetHints":{"allow":["GET"]}}],"collection":[{"href":"https:\/\/sertv.gob.pa\/crisolfm\/wp-json\/wp\/v2\/posts"}],"about":[{"href":"https:\/\/sertv.gob.pa\/crisolfm\/wp-json\/wp\/v2\/types\/post"}],"author":[{"embeddable":true,"href":"https:\/\/sertv.gob.pa\/crisolfm\/wp-json\/wp\/v2\/users\/1"}],"replies":[{"embeddable":true,"href":"https:\/\/sertv.gob.pa\/crisolfm\/wp-json\/wp\/v2\/comments?post=8361"}],"version-history":[{"count":0,"href":"https:\/\/sertv.gob.pa\/crisolfm\/wp-json\/wp\/v2\/posts\/8361\/revisions"}],"wp:featuredmedia":[{"embeddable":true,"href":"https:\/\/sertv.gob.pa\/crisolfm\/wp-json\/wp\/v2\/media\/8362"}],"wp:attachment":[{"href":"https:\/\/sertv.gob.pa\/crisolfm\/wp-json\/wp\/v2\/media?parent=8361"}],"wp:term":[{"taxonomy":"category","embeddable":true,"href":"https:\/\/sertv.gob.pa\/crisolfm\/wp-json\/wp\/v2\/categories?post=8361"},{"taxonomy":"post_tag","embeddable":true,"href":"https:\/\/sertv.gob.pa\/crisolfm\/wp-json\/wp\/v2\/tags?post=8361"}],"curies":[{"name":"wp","href":"https:\/\/api.w.org\/{rel}","templated":true}]}}