{"id":8367,"date":"2017-05-19T16:26:44","date_gmt":"2017-05-19T16:26:44","guid":{"rendered":""},"modified":"2017-05-19T16:26:44","modified_gmt":"2017-05-19T16:26:44","slug":"muestra-fotografica-de-afrodescendientes-mexicanos","status":"publish","type":"post","link":"https:\/\/sertv.gob.pa\/crisolfm\/muestra-fotografica-de-afrodescendientes-mexicanos\/","title":{"rendered":"Muestra fotogr\u00e1fica de afrodescendientes mexicanos"},"content":{"rendered":"<p>\nComo parte de su participaci\u00f3n en el Festival &ldquo;\u00c1frica en Am\u00e9rica&rdquo;, la Embajada de M\u00e9xico en Panam\u00e1 organiz\u00f3 la exposici\u00f3n &ldquo;El cimarr\u00f3n y su fandango. El desconocido mundo del negro afromexicano\u00bb, de la fot\u00f3grafa mexicana Mara S\u00e1nchez Renero. <\/p>\n<p>Esta muestra fotogr\u00e1fica se inaugur\u00f3 en la sede de la Alianza Francesa y estar\u00e1 abierta al p\u00fablico hasta el s\u00e1bado 24 de junio. En ella se presenta el pasado de los afrodescendientes en M\u00e9xico, su presencia en el periodo colonial, integraci\u00f3n en el territorio nacional y sentido de identidad. <\/p>\n<p>\u00a0Las 26 fotograf\u00edas que componen la serie, descubren paisajes, naturaleza agreste y cielos nebulosos; fotografiados con encuadres frontales que generan una sensaci\u00f3n de extra\u00f1eza y atemporalidad. <\/p>\n<p>Olas, nubes y animales forman parte de la muestra que es tambi\u00e9n singular, inquietante y de gran belleza. <\/p>\n<p>El Embajador de M\u00e9xico Jos\u00e9 Ignacio Pi\u00f1a manifest\u00f3 que el gobierno mexicano emprendi\u00f3 acciones encaminadas al reconocimiento del valioso legado de las comunidades afromexicanas, as\u00ed como sus aportaciones a nuestra sociedad y a la conformaci\u00f3n del Estado mexicano. <\/p>\n<p>\u00a0 <\/p>\n<p>\u00a0 <\/p>\n","protected":false},"excerpt":{"rendered":"<p>Como parte de su participaci\u00f3n en el Festival &ldquo;\u00c1frica en <a href=\"https:\/\/sertv.gob.pa\/crisolfm\/muestra-fotografica-de-afrodescendientes-mexicanos\/\"> [&#8230;]<\/a><\/p>\n","protected":false},"author":1,"featured_media":8368,"comment_status":"closed","ping_status":"closed","sticky":false,"template":"","format":"standard","meta":{"footnotes":""},"categories":[6],"tags":[],"class_list":["post-8367","post","type-post","status-publish","format-standard","has-post-thumbnail","hentry","category-culturales"],"_links":{"self":[{"href":"https:\/\/sertv.gob.pa\/crisolfm\/wp-json\/wp\/v2\/posts\/8367","targetHints":{"allow":["GET"]}}],"collection":[{"href":"https:\/\/sertv.gob.pa\/crisolfm\/wp-json\/wp\/v2\/posts"}],"about":[{"href":"https:\/\/sertv.gob.pa\/crisolfm\/wp-json\/wp\/v2\/types\/post"}],"author":[{"embeddable":true,"href":"https:\/\/sertv.gob.pa\/crisolfm\/wp-json\/wp\/v2\/users\/1"}],"replies":[{"embeddable":true,"href":"https:\/\/sertv.gob.pa\/crisolfm\/wp-json\/wp\/v2\/comments?post=8367"}],"version-history":[{"count":0,"href":"https:\/\/sertv.gob.pa\/crisolfm\/wp-json\/wp\/v2\/posts\/8367\/revisions"}],"wp:featuredmedia":[{"embeddable":true,"href":"https:\/\/sertv.gob.pa\/crisolfm\/wp-json\/wp\/v2\/media\/8368"}],"wp:attachment":[{"href":"https:\/\/sertv.gob.pa\/crisolfm\/wp-json\/wp\/v2\/media?parent=8367"}],"wp:term":[{"taxonomy":"category","embeddable":true,"href":"https:\/\/sertv.gob.pa\/crisolfm\/wp-json\/wp\/v2\/categories?post=8367"},{"taxonomy":"post_tag","embeddable":true,"href":"https:\/\/sertv.gob.pa\/crisolfm\/wp-json\/wp\/v2\/tags?post=8367"}],"curies":[{"name":"wp","href":"https:\/\/api.w.org\/{rel}","templated":true}]}}