{"id":8381,"date":"2017-05-22T15:30:47","date_gmt":"2017-05-22T15:30:47","guid":{"rendered":""},"modified":"2017-05-22T15:30:47","modified_gmt":"2017-05-22T15:30:47","slug":"barco-ambientalista-empieza-campana-proteccionista","status":"publish","type":"post","link":"https:\/\/sertv.gob.pa\/crisolfm\/barco-ambientalista-empieza-campana-proteccionista\/","title":{"rendered":"Barco ambientalista empieza campa\u00f1a proteccionista"},"content":{"rendered":"<p>\nLa organizaci\u00f3n ambientalista Sea Shepherd dio a conocer que su barco \u00abJohn Paul DeJoria\u00bb lleg\u00f3 a aguas del Pac\u00edfico costarricense para llevar a cabo una campa\u00f1a para la protecci\u00f3n de la Isla del Coco, patrimonio natural de la humanidad. <\/p>\n<p>El barco, una patrullera r\u00e1pida que perteneci\u00f3 a la Guardia Costera de Estados Unidos de 110 pies (33,55 metros) de eslora, realiza la campa\u00f1a de vigilancia \u00abOperaci\u00f3n Treasured Islands\u00bb, la cual busca la conservaci\u00f3n de las islas situadas a lo largo del Corredor Gal\u00e1pagos, considerado uno de los ecosistemas m\u00e1s ricos del planeta. <\/p>\n<p>La ONG explic\u00f3 en un comunicado que el barco ya hizo su primera parada en la Isla Coiba, en Panam\u00e1, desde donde se moviliz\u00f3 hasta la Isla del Coco en Costa Rica. <\/p>\n<p>Posteriormente visitar\u00e1 las islas Gorgona y Malpelo de Colombia, para luego ir al archipi\u00e9lago de las Gal\u00e1pagos, en Ecuador. <\/p>\n<p>\u00abEl objetivo de la campa\u00f1a es construir acuerdos de asociaci\u00f3n de largo plazo con Panam\u00e1, Costa Rica, Ecuador, Colombia y Francia para ayudar a la protecci\u00f3n de las islas Coiba, Coco, Gal\u00e1pagos, Malpelo y Clipperton\u00bb, explic\u00f3 Sea Shepherd. <\/p>\n<p>Sobre la Isla del Coco, la ONG destac\u00f3 que su riqueza biol\u00f3gica es conocida mundialmente por su numerosa cantidad de tiburones y los arrecifes de coral. <\/p>\n<p>\u00a0 <\/p>\n<p>\u00a0 <\/p>\n","protected":false},"excerpt":{"rendered":"<p>La organizaci\u00f3n ambientalista Sea Shepherd dio a conocer que su <a href=\"https:\/\/sertv.gob.pa\/crisolfm\/barco-ambientalista-empieza-campana-proteccionista\/\"> [&#8230;]<\/a><\/p>\n","protected":false},"author":1,"featured_media":8382,"comment_status":"closed","ping_status":"closed","sticky":false,"template":"","format":"standard","meta":{"footnotes":""},"categories":[7],"tags":[],"class_list":["post-8381","post","type-post","status-publish","format-standard","has-post-thumbnail","hentry","category-ecologicas"],"_links":{"self":[{"href":"https:\/\/sertv.gob.pa\/crisolfm\/wp-json\/wp\/v2\/posts\/8381","targetHints":{"allow":["GET"]}}],"collection":[{"href":"https:\/\/sertv.gob.pa\/crisolfm\/wp-json\/wp\/v2\/posts"}],"about":[{"href":"https:\/\/sertv.gob.pa\/crisolfm\/wp-json\/wp\/v2\/types\/post"}],"author":[{"embeddable":true,"href":"https:\/\/sertv.gob.pa\/crisolfm\/wp-json\/wp\/v2\/users\/1"}],"replies":[{"embeddable":true,"href":"https:\/\/sertv.gob.pa\/crisolfm\/wp-json\/wp\/v2\/comments?post=8381"}],"version-history":[{"count":0,"href":"https:\/\/sertv.gob.pa\/crisolfm\/wp-json\/wp\/v2\/posts\/8381\/revisions"}],"wp:featuredmedia":[{"embeddable":true,"href":"https:\/\/sertv.gob.pa\/crisolfm\/wp-json\/wp\/v2\/media\/8382"}],"wp:attachment":[{"href":"https:\/\/sertv.gob.pa\/crisolfm\/wp-json\/wp\/v2\/media?parent=8381"}],"wp:term":[{"taxonomy":"category","embeddable":true,"href":"https:\/\/sertv.gob.pa\/crisolfm\/wp-json\/wp\/v2\/categories?post=8381"},{"taxonomy":"post_tag","embeddable":true,"href":"https:\/\/sertv.gob.pa\/crisolfm\/wp-json\/wp\/v2\/tags?post=8381"}],"curies":[{"name":"wp","href":"https:\/\/api.w.org\/{rel}","templated":true}]}}