{"id":8395,"date":"2017-05-23T15:59:41","date_gmt":"2017-05-23T15:59:41","guid":{"rendered":""},"modified":"2017-05-23T15:59:41","modified_gmt":"2017-05-23T15:59:41","slug":"los-ticos-cambian-su-carro-por-uno-amigable-con-el-ambiente","status":"publish","type":"post","link":"https:\/\/sertv.gob.pa\/crisolfm\/los-ticos-cambian-su-carro-por-uno-amigable-con-el-ambiente\/","title":{"rendered":"Los ticos cambian su carro por uno amigable con el ambiente"},"content":{"rendered":"<p>\nCada 2 d\u00edas, un costarricense decide cambiar su carro y adquirir uno que sea amigable con el ambiente. <\/p>\n<p>As\u00ed lo muestran las cifras del Programa de Adquisici\u00f3n de Veh\u00edculos Eficientes (PAVE) del Ministerio de Ambiente y Energ\u00eda: en 2 a\u00f1os un total de 386 veh\u00edculos fueron adquiridos por medio de este sistema. <\/p>\n<p>Seg\u00fan la viceministra de ambiente, Irene Ca\u00f1as, las autoridades consideran que para lograr la meta que se propuso en la Cumbre de cambio clim\u00e1tico COP21 en Par\u00eds se debe atacar el sector transporte. <\/p>\n<p>\u00a0&ldquo;Las personas entregan un carro bastante viejito y se les entrega un bono que puede oscilar entre $1500 o $1000 que se rebajan de la prima y se obtiene una tasa preferencial a la hora de adquirir un veh\u00edculo eficiente&rdquo;, explic\u00f3 Ca\u00f1as. <\/p>\n<p>La propuesta tiene la intenci\u00f3n de renovar la flota vehicular para avanzar hacia tecnolog\u00edas m\u00e1s eficientes en conjunto con las agencias que se unieron al programa. En total, la lista est\u00e1 compuesta de 87 veh\u00edculos catalogados por la entidad como eficientes. <\/p>\n<p>Aunque a\u00fan no se encuentran disponibles los datos del 2017, la Viceministra Ca\u00f1as se\u00f1al\u00f3 que la tendencia en los primeros 5 meses del a\u00f1o es hacia veh\u00edculos el\u00e9ctricos. <\/p>\n<p>El Programa de Adquisici\u00f3n de Veh\u00edculos Eficientes PAVE, es un proyecto del Ministerio de Ambiente y Energ\u00eda de manera conjunta con el Banco de Costa Rica (BCR), el Instituto Nacional de Seguros (INS) y la Asociaci\u00f3n de Importadores de Veh\u00edculos y Maquinaria (Aivema). <\/p>\n<p>Su objetivo es el de potenciar una disminuci\u00f3n del consumo energ\u00e9tico nacional y de emisiones de Gases de Efecto Invernadero, principalmente CO2, brindando facilidades de financiamiento para veh\u00edculos eco-eficientes nuevos, en el marco de alcanzar la meta pa\u00eds de la Carbono Neutralidad en el 2021.<br \/>\n\u00a0 <\/p>\n<p>\u00a0 <\/p>\n","protected":false},"excerpt":{"rendered":"<p>Cada 2 d\u00edas, un costarricense decide cambiar su carro y <a href=\"https:\/\/sertv.gob.pa\/crisolfm\/los-ticos-cambian-su-carro-por-uno-amigable-con-el-ambiente\/\"> [&#8230;]<\/a><\/p>\n","protected":false},"author":1,"featured_media":8396,"comment_status":"closed","ping_status":"closed","sticky":false,"template":"","format":"standard","meta":{"footnotes":""},"categories":[7],"tags":[],"class_list":["post-8395","post","type-post","status-publish","format-standard","has-post-thumbnail","hentry","category-ecologicas"],"_links":{"self":[{"href":"https:\/\/sertv.gob.pa\/crisolfm\/wp-json\/wp\/v2\/posts\/8395","targetHints":{"allow":["GET"]}}],"collection":[{"href":"https:\/\/sertv.gob.pa\/crisolfm\/wp-json\/wp\/v2\/posts"}],"about":[{"href":"https:\/\/sertv.gob.pa\/crisolfm\/wp-json\/wp\/v2\/types\/post"}],"author":[{"embeddable":true,"href":"https:\/\/sertv.gob.pa\/crisolfm\/wp-json\/wp\/v2\/users\/1"}],"replies":[{"embeddable":true,"href":"https:\/\/sertv.gob.pa\/crisolfm\/wp-json\/wp\/v2\/comments?post=8395"}],"version-history":[{"count":0,"href":"https:\/\/sertv.gob.pa\/crisolfm\/wp-json\/wp\/v2\/posts\/8395\/revisions"}],"wp:featuredmedia":[{"embeddable":true,"href":"https:\/\/sertv.gob.pa\/crisolfm\/wp-json\/wp\/v2\/media\/8396"}],"wp:attachment":[{"href":"https:\/\/sertv.gob.pa\/crisolfm\/wp-json\/wp\/v2\/media?parent=8395"}],"wp:term":[{"taxonomy":"category","embeddable":true,"href":"https:\/\/sertv.gob.pa\/crisolfm\/wp-json\/wp\/v2\/categories?post=8395"},{"taxonomy":"post_tag","embeddable":true,"href":"https:\/\/sertv.gob.pa\/crisolfm\/wp-json\/wp\/v2\/tags?post=8395"}],"curies":[{"name":"wp","href":"https:\/\/api.w.org\/{rel}","templated":true}]}}