{"id":8397,"date":"2017-05-23T16:18:20","date_gmt":"2017-05-23T16:18:20","guid":{"rendered":""},"modified":"2017-05-23T16:18:20","modified_gmt":"2017-05-23T16:18:20","slug":"emergencia-ambiental-en-chile-por-la-contaminacion-del-aire","status":"publish","type":"post","link":"https:\/\/sertv.gob.pa\/crisolfm\/emergencia-ambiental-en-chile-por-la-contaminacion-del-aire\/","title":{"rendered":"Emergencia ambiental en Chile por la contaminaci\u00f3n del aire"},"content":{"rendered":"<p>\nLa autoridad regional de Santiago de Chile prohibi\u00f3 circular a unos 360 mil veh\u00edculos con motores modernos y orden\u00f3 cerrar las compa\u00f1\u00edas m\u00e1s contaminantes por la alta concentraci\u00f3n de part\u00edculas de suciedad en el aire que ingresan directamente al sistema respiratorio. <\/p>\n<p>La medida dictada por el gobernador Claudio Orrego igualmente recomend\u00f3 suspender las clases de educaci\u00f3n f\u00edsica y a los ancianos y a personas con problemas respiratorios les sugiri\u00f3 no salir de sus hogares si no es indispensable. <\/p>\n<p>En la primera emergencia ambiental del a\u00f1o adem\u00e1s se prohibi\u00f3 circular a la mitad de los veh\u00edculos con motores antiguos, aunque su salida de circulaci\u00f3n no influye en la mejor\u00eda del aire porque son en total unos 40 mil. <\/p>\n<p>Los veh\u00edculos modernos con sistema catal\u00edtico paralizados incluyen autom\u00f3viles, autobuses y camiones. La medida afecta a las 52 comunas de la Regi\u00f3n Metropolitana, que incluye a 18 que son rurales. <\/p>\n<p>\u00a0 <\/p>\n<p>\u00a0 <\/p>\n","protected":false},"excerpt":{"rendered":"<p>La autoridad regional de Santiago de Chile prohibi\u00f3 circular a <a href=\"https:\/\/sertv.gob.pa\/crisolfm\/emergencia-ambiental-en-chile-por-la-contaminacion-del-aire\/\"> [&#8230;]<\/a><\/p>\n","protected":false},"author":1,"featured_media":8398,"comment_status":"closed","ping_status":"closed","sticky":false,"template":"","format":"standard","meta":{"footnotes":""},"categories":[7],"tags":[],"class_list":["post-8397","post","type-post","status-publish","format-standard","has-post-thumbnail","hentry","category-ecologicas"],"_links":{"self":[{"href":"https:\/\/sertv.gob.pa\/crisolfm\/wp-json\/wp\/v2\/posts\/8397","targetHints":{"allow":["GET"]}}],"collection":[{"href":"https:\/\/sertv.gob.pa\/crisolfm\/wp-json\/wp\/v2\/posts"}],"about":[{"href":"https:\/\/sertv.gob.pa\/crisolfm\/wp-json\/wp\/v2\/types\/post"}],"author":[{"embeddable":true,"href":"https:\/\/sertv.gob.pa\/crisolfm\/wp-json\/wp\/v2\/users\/1"}],"replies":[{"embeddable":true,"href":"https:\/\/sertv.gob.pa\/crisolfm\/wp-json\/wp\/v2\/comments?post=8397"}],"version-history":[{"count":0,"href":"https:\/\/sertv.gob.pa\/crisolfm\/wp-json\/wp\/v2\/posts\/8397\/revisions"}],"wp:featuredmedia":[{"embeddable":true,"href":"https:\/\/sertv.gob.pa\/crisolfm\/wp-json\/wp\/v2\/media\/8398"}],"wp:attachment":[{"href":"https:\/\/sertv.gob.pa\/crisolfm\/wp-json\/wp\/v2\/media?parent=8397"}],"wp:term":[{"taxonomy":"category","embeddable":true,"href":"https:\/\/sertv.gob.pa\/crisolfm\/wp-json\/wp\/v2\/categories?post=8397"},{"taxonomy":"post_tag","embeddable":true,"href":"https:\/\/sertv.gob.pa\/crisolfm\/wp-json\/wp\/v2\/tags?post=8397"}],"curies":[{"name":"wp","href":"https:\/\/api.w.org\/{rel}","templated":true}]}}