{"id":8401,"date":"2017-05-24T15:32:30","date_gmt":"2017-05-24T15:32:30","guid":{"rendered":""},"modified":"2017-05-24T15:32:30","modified_gmt":"2017-05-24T15:32:30","slug":"gobierno-de-francia-busca-adelantar-el-acuerdo-de-paris","status":"publish","type":"post","link":"https:\/\/sertv.gob.pa\/crisolfm\/gobierno-de-francia-busca-adelantar-el-acuerdo-de-paris\/","title":{"rendered":"Gobierno de Francia busca adelantar el Acuerdo de Par\u00eds"},"content":{"rendered":"<p>\nEl ministro franc\u00e9s de Ecolog\u00eda, Nicolas Hulot, inform\u00f3, este martes, que su presidente, Emmanuel Macron, no quiere limitarse a implementar el Acuerdo de Par\u00eds contra el cambio clim\u00e1tico, sino ir m\u00e1s all\u00e1 y &lsquo;acelerar&#8217; la transici\u00f3n francesa. <\/p>\n<p>Hulot realiz\u00f3 estas declaraciones en el Di\u00e1logo del Clima de Petersberg, una iniciativa del Gobierno alem\u00e1n que se celebra en Berl\u00edn entre el lunes y ayer martes, y que ha sido su primer acto internacional desde su nombramiento. <\/p>\n<p>&lsquo;Francia est\u00e1 totalmente comprometida contra el cambio clim\u00e1tico&#8217;, asegur\u00f3 este conocido activista franc\u00e9s, que solicit\u00f3 &lsquo;transformar la esperanza&#8217; que gener\u00f3 el Acuerdo de Par\u00eds de 2015 &lsquo;en realidad&#8217;. <\/p>\n<p>Hulot subray\u00f3 que es mejor &lsquo;acelerar que frenar&#8217; la transformaci\u00f3n de la econom\u00eda global hacia un entorno bajo en emisiones, para lo que hay que establecer &lsquo;prioridades&#8217; en materia de inversiones y tomar medidas regulatorias. <\/p>\n<p>Adem\u00e1s, apunt\u00f3 que el prop\u00f3sito deber\u00eda ser contener el calentamiento global en los 1.5 grados cent\u00edgrados sobre las temperaturas preindustriales, frente al l\u00edmite de 2 grados fijado internacionalmente. <\/p>\n<p>La regulaci\u00f3n para la protecci\u00f3n del medio ambiente, argument\u00f3, no va a coartar la innovaci\u00f3n, sino animarla y ayudar\u00e1 a la comunidad internacional a &lsquo;avanzar m\u00e1s r\u00e1pido&#8217; en la transici\u00f3n medioambiental. <\/p>\n<p>Hulot destac\u00f3 igualmente que Francia apoyar\u00e1 a aquellos pa\u00edses que precisan una ayuda especial para mitigar los efectos del calentamiento global y a aquellos trabajadores dentro de sus fronteras a los que afectar\u00e1 la transici\u00f3n energ\u00e9tica. <\/p>\n<p>&lsquo;En Francia importa que la transici\u00f3n sea justa. Que no se haga de una forma brutal&#8217;, se\u00f1al\u00f3 el ministro, que avanz\u00f3 que el Gobierno franc\u00e9s est\u00e1 trabajando en programas para formar a trabajadores que, por la transici\u00f3n energ\u00e9tica, puedan perder su empleo. <\/p>\n<p>\u00a0 <\/p>\n","protected":false},"excerpt":{"rendered":"<p>El ministro franc\u00e9s de Ecolog\u00eda, Nicolas Hulot, inform\u00f3, este martes, <a href=\"https:\/\/sertv.gob.pa\/crisolfm\/gobierno-de-francia-busca-adelantar-el-acuerdo-de-paris\/\"> [&#8230;]<\/a><\/p>\n","protected":false},"author":1,"featured_media":8402,"comment_status":"closed","ping_status":"closed","sticky":false,"template":"","format":"standard","meta":{"footnotes":""},"categories":[7],"tags":[],"class_list":["post-8401","post","type-post","status-publish","format-standard","has-post-thumbnail","hentry","category-ecologicas"],"_links":{"self":[{"href":"https:\/\/sertv.gob.pa\/crisolfm\/wp-json\/wp\/v2\/posts\/8401","targetHints":{"allow":["GET"]}}],"collection":[{"href":"https:\/\/sertv.gob.pa\/crisolfm\/wp-json\/wp\/v2\/posts"}],"about":[{"href":"https:\/\/sertv.gob.pa\/crisolfm\/wp-json\/wp\/v2\/types\/post"}],"author":[{"embeddable":true,"href":"https:\/\/sertv.gob.pa\/crisolfm\/wp-json\/wp\/v2\/users\/1"}],"replies":[{"embeddable":true,"href":"https:\/\/sertv.gob.pa\/crisolfm\/wp-json\/wp\/v2\/comments?post=8401"}],"version-history":[{"count":0,"href":"https:\/\/sertv.gob.pa\/crisolfm\/wp-json\/wp\/v2\/posts\/8401\/revisions"}],"wp:featuredmedia":[{"embeddable":true,"href":"https:\/\/sertv.gob.pa\/crisolfm\/wp-json\/wp\/v2\/media\/8402"}],"wp:attachment":[{"href":"https:\/\/sertv.gob.pa\/crisolfm\/wp-json\/wp\/v2\/media?parent=8401"}],"wp:term":[{"taxonomy":"category","embeddable":true,"href":"https:\/\/sertv.gob.pa\/crisolfm\/wp-json\/wp\/v2\/categories?post=8401"},{"taxonomy":"post_tag","embeddable":true,"href":"https:\/\/sertv.gob.pa\/crisolfm\/wp-json\/wp\/v2\/tags?post=8401"}],"curies":[{"name":"wp","href":"https:\/\/api.w.org\/{rel}","templated":true}]}}