{"id":8411,"date":"2017-05-25T14:49:30","date_gmt":"2017-05-25T14:49:30","guid":{"rendered":""},"modified":"2017-05-25T14:49:30","modified_gmt":"2017-05-25T14:49:30","slug":"panama-uno-de-los-paises-mas-productivos-en-energia-eolica","status":"publish","type":"post","link":"https:\/\/sertv.gob.pa\/crisolfm\/panama-uno-de-los-paises-mas-productivos-en-energia-eolica\/","title":{"rendered":"Panam\u00e1 uno de los pa\u00edses m\u00e1s productivos en energ\u00eda e\u00f3lica"},"content":{"rendered":"<p>\nLa incorporaci\u00f3n de tres nuevos proyectos de energ\u00eda e\u00f3lica para el a\u00f1o 2018, que aportar\u00e1n aproximadamente 170 MW al Sistema Interconectado Nacional (SIN), proyecta a Panam\u00e1 como uno de los pa\u00edses m\u00e1s productivos de la regi\u00f3n en esta materia. <\/p>\n<p>Estos nuevos proyectos, que estar\u00e1n ubicados en la provincia de Cocl\u00e9, inyectar\u00e1n un 63% adicional de energ\u00eda e\u00f3lica a la capacidad existente, que alcanza\u00a0 270 MW durante la \u00e9poca seca del a\u00f1o. <\/p>\n<p>Seg\u00fan datos estad\u00edsticos del Centro Nacional de Despecho (CND), durante la temporada seca del 2017, la energ\u00eda e\u00f3lica alcanz\u00f3 en Panam\u00e1 altos niveles de producci\u00f3n, los cuales lograron suplir al mercado energ\u00e9tico en un 14%. <\/p>\n<p>Los tres nuevos proyectos, que desarrollar\u00e1n en las comunidades de El Coco, Toabr\u00e9 y\u00a0 Tol\u00fa, en el distrito de Penonom\u00e9, permitir\u00edan un aporte significativo a la matriz energ\u00e9tica, principalmente aquellos de categor\u00eda renovable. <\/p>\n<p>De acuerdo con lo planificado, se contempla que el primero de estos tres proyectos inicie operaciones durante el primer trimestre de 2018, con una capacidad de 100 MW de energ\u00eda renovable. <\/p>\n<p>Los otros dos proyectos est\u00e1n programados para el mes de diciembre de ese mismo a\u00f1o, lo cual contribuir\u00e1 a cubrir parte de la demanda durante la temporada seca del a\u00f1o 2019. <\/p>\n<p>El Gobierno de Panam\u00e1 lanz\u00f3 en marzo de 2016 un Plan Energ\u00e9tico Nacional que busca, entre otras cosas, que en 2050 el 30 % de la matriz energ\u00e9tica provenga de fuentes renovables.\u00a0 El parque e\u00f3lico de Penonom\u00e9, ubicado a 110 kil\u00f3metros al oeste de la capital paname\u00f1a, es considerado el mayor de Centroam\u00e9rica y el Caribe. <\/p>\n","protected":false},"excerpt":{"rendered":"<p>La incorporaci\u00f3n de tres nuevos proyectos de energ\u00eda e\u00f3lica para <a href=\"https:\/\/sertv.gob.pa\/crisolfm\/panama-uno-de-los-paises-mas-productivos-en-energia-eolica\/\"> [&#8230;]<\/a><\/p>\n","protected":false},"author":1,"featured_media":8412,"comment_status":"closed","ping_status":"closed","sticky":false,"template":"","format":"standard","meta":{"footnotes":""},"categories":[7],"tags":[],"class_list":["post-8411","post","type-post","status-publish","format-standard","has-post-thumbnail","hentry","category-ecologicas"],"_links":{"self":[{"href":"https:\/\/sertv.gob.pa\/crisolfm\/wp-json\/wp\/v2\/posts\/8411","targetHints":{"allow":["GET"]}}],"collection":[{"href":"https:\/\/sertv.gob.pa\/crisolfm\/wp-json\/wp\/v2\/posts"}],"about":[{"href":"https:\/\/sertv.gob.pa\/crisolfm\/wp-json\/wp\/v2\/types\/post"}],"author":[{"embeddable":true,"href":"https:\/\/sertv.gob.pa\/crisolfm\/wp-json\/wp\/v2\/users\/1"}],"replies":[{"embeddable":true,"href":"https:\/\/sertv.gob.pa\/crisolfm\/wp-json\/wp\/v2\/comments?post=8411"}],"version-history":[{"count":0,"href":"https:\/\/sertv.gob.pa\/crisolfm\/wp-json\/wp\/v2\/posts\/8411\/revisions"}],"wp:featuredmedia":[{"embeddable":true,"href":"https:\/\/sertv.gob.pa\/crisolfm\/wp-json\/wp\/v2\/media\/8412"}],"wp:attachment":[{"href":"https:\/\/sertv.gob.pa\/crisolfm\/wp-json\/wp\/v2\/media?parent=8411"}],"wp:term":[{"taxonomy":"category","embeddable":true,"href":"https:\/\/sertv.gob.pa\/crisolfm\/wp-json\/wp\/v2\/categories?post=8411"},{"taxonomy":"post_tag","embeddable":true,"href":"https:\/\/sertv.gob.pa\/crisolfm\/wp-json\/wp\/v2\/tags?post=8411"}],"curies":[{"name":"wp","href":"https:\/\/api.w.org\/{rel}","templated":true}]}}