{"id":8419,"date":"2017-05-25T16:00:32","date_gmt":"2017-05-25T16:00:32","guid":{"rendered":""},"modified":"2017-05-25T16:00:32","modified_gmt":"2017-05-25T16:00:32","slug":"el-tajo-de-ronda-se-convertira-en-monumento-natural","status":"publish","type":"post","link":"https:\/\/sertv.gob.pa\/crisolfm\/el-tajo-de-ronda-se-convertira-en-monumento-natural\/","title":{"rendered":"El Tajo de Ronda se convertir\u00e1 en Monumento Natural"},"content":{"rendered":"<p>\nEl consejero de Medio Ambiente y Ordenaci\u00f3n del Territorio, Jos\u00e9 Fiscal, ha asegurado que \u00abestamos claramente en la recta final, en la recta de meta\u00bb para que \u00ablo que de hecho es un monumento natural de primer\u00edsimo nivel y uno de los iconos de Andaluc\u00eda\u00bb, como es el Tajo de Ronda (M\u00e1laga), \u00abse convierta de derecho en Monumento Natural\u00bb. <\/p>\n<p>En declaraciones a los periodistas en Ronda, ha explicado que el pasado 15 de mayo termin\u00f3 la exposici\u00f3n p\u00fablica, que \u00abes obligatoria y que se abre para que personas, instituciones y organismo presenten las alegaciones que estimen oportunas\u00bb, y ahora hay \u00abun periodo de estudio\u00bb de dichas alegaciones. <\/p>\n<p>As\u00ed, entiende que ser\u00e1 este mismo a\u00f1o cuando se produzca la declaraci\u00f3n. \u00abSi no hay problemas, debe ser as\u00ed, no quiero dar fechas porque luego nos equivocamos, pero una vez que la informaci\u00f3n p\u00fablica ha culminado, estamos ya en la recta final\u00bb, ha insistido el consejero. <\/p>\n<p>En Andaluc\u00eda existen en la actualidad casi 50 enclaves en todas las provincias que cuentan con esta figura de protecci\u00f3n. Para declarar monumento natural alg\u00fan elemento singular de cualquier lugar primero tiene que tener una consideraci\u00f3n por parte de la ciudadan\u00eda. <\/p>\n<p>As\u00ed, esta figura de protecci\u00f3n, contemplada en la Ley de Espacios Naturales Protegidos de Andaluc\u00eda, se contempla para espacios y elementos naturales que ya gozan del reconocimiento y el aprecio de la poblaci\u00f3n, por lo que su principal importancia radica en que es demandada por los propios ciudadanos por su vinculaci\u00f3n con el espacio y su entorno. <\/p>\n<p>En concreto, en cuanto al Tajo de Ronda, se han tenido en cuenta tanto sus valores culturales como naturales. Esta garganta de 100 metros de profundidad es una formaci\u00f3n geol\u00f3gica creada por la acci\u00f3n erosiva del r\u00edo Guadalev\u00edn. <\/p>\n<p>Desde el punto de vista ambiental, destacan las comunidades de aves asentadas en sus riscos y escarpes, especialmente la colonia de cern\u00edcalo primilla que nidifica en sus paredes, as\u00ed como las chovas, halcones peregrinos, b\u00fahos reales, vencejos y otras especies protegidas que all\u00ed habitan.<br \/>\n\u00a0 <\/p>\n<p>\u00a0 <\/p>\n","protected":false},"excerpt":{"rendered":"<p>El consejero de Medio Ambiente y Ordenaci\u00f3n del Territorio, Jos\u00e9 <a href=\"https:\/\/sertv.gob.pa\/crisolfm\/el-tajo-de-ronda-se-convertira-en-monumento-natural\/\"> [&#8230;]<\/a><\/p>\n","protected":false},"author":1,"featured_media":8420,"comment_status":"closed","ping_status":"closed","sticky":false,"template":"","format":"standard","meta":{"footnotes":""},"categories":[7],"tags":[],"class_list":["post-8419","post","type-post","status-publish","format-standard","has-post-thumbnail","hentry","category-ecologicas"],"_links":{"self":[{"href":"https:\/\/sertv.gob.pa\/crisolfm\/wp-json\/wp\/v2\/posts\/8419","targetHints":{"allow":["GET"]}}],"collection":[{"href":"https:\/\/sertv.gob.pa\/crisolfm\/wp-json\/wp\/v2\/posts"}],"about":[{"href":"https:\/\/sertv.gob.pa\/crisolfm\/wp-json\/wp\/v2\/types\/post"}],"author":[{"embeddable":true,"href":"https:\/\/sertv.gob.pa\/crisolfm\/wp-json\/wp\/v2\/users\/1"}],"replies":[{"embeddable":true,"href":"https:\/\/sertv.gob.pa\/crisolfm\/wp-json\/wp\/v2\/comments?post=8419"}],"version-history":[{"count":0,"href":"https:\/\/sertv.gob.pa\/crisolfm\/wp-json\/wp\/v2\/posts\/8419\/revisions"}],"wp:featuredmedia":[{"embeddable":true,"href":"https:\/\/sertv.gob.pa\/crisolfm\/wp-json\/wp\/v2\/media\/8420"}],"wp:attachment":[{"href":"https:\/\/sertv.gob.pa\/crisolfm\/wp-json\/wp\/v2\/media?parent=8419"}],"wp:term":[{"taxonomy":"category","embeddable":true,"href":"https:\/\/sertv.gob.pa\/crisolfm\/wp-json\/wp\/v2\/categories?post=8419"},{"taxonomy":"post_tag","embeddable":true,"href":"https:\/\/sertv.gob.pa\/crisolfm\/wp-json\/wp\/v2\/tags?post=8419"}],"curies":[{"name":"wp","href":"https:\/\/api.w.org\/{rel}","templated":true}]}}