{"id":8421,"date":"2017-05-25T16:10:15","date_gmt":"2017-05-25T16:10:15","guid":{"rendered":""},"modified":"2017-05-25T16:10:15","modified_gmt":"2017-05-25T16:10:15","slug":"amparo-por-contaminacion-del-rio-colorado-en-argentina","status":"publish","type":"post","link":"https:\/\/sertv.gob.pa\/crisolfm\/amparo-por-contaminacion-del-rio-colorado-en-argentina\/","title":{"rendered":"Amparo por contaminaci\u00f3n del r\u00edo Colorado en Argentina"},"content":{"rendered":"<p>\nLa senadora Magdalena Odarda present\u00f3 una acci\u00f3n de amparo por la contaminaci\u00f3n del r\u00edo Colorado, que pronto ser\u00e1 presentada en el Juzgado Federal. \u00abEs contra el COIRCO (Comit\u00e9 Interjurisdiccional del rio Colorado) y quien resulte responsable\u00bb, expresa el escrito. <\/p>\n<p>\u00abLa presentaci\u00f3n es con motivo del estado de contaminaci\u00f3n alarmante de la cuenca, puesto en evidencia en estudios independientes que se llevaron a cabo en la \u00faltima d\u00e9cada\u00bb, explicaron durante la presentaci\u00f3n. <\/p>\n<p>El COIRCO es un organismo interjurisdiccional que comprende las provincias de Buenos Aires, La Pampa, Mendoza, Neuqu\u00e9n y R\u00edo Negro, las que comparten la cuenca. Fue creado en 1976, y actualmente tiene atribuciones ambientales con el objetivo de preservar la cuenca y evitar procesos de contaminaci\u00f3n. <\/p>\n<p>El recurso de amparo se fund\u00f3 en dos ejes ambientales: la contaminaci\u00f3n por efluentes e industrial, y la salinizaci\u00f3n del rio agravada por el acueducto que abastece a poblaciones de la provincia de La Pampa, el que provocar\u00eda la presencia de aluminio en el agua. <\/p>\n<p>\u00a0 <\/p>\n<p>\u00a0 <\/p>\n","protected":false},"excerpt":{"rendered":"<p>La senadora Magdalena Odarda present\u00f3 una acci\u00f3n de amparo por <a href=\"https:\/\/sertv.gob.pa\/crisolfm\/amparo-por-contaminacion-del-rio-colorado-en-argentina\/\"> [&#8230;]<\/a><\/p>\n","protected":false},"author":1,"featured_media":8422,"comment_status":"closed","ping_status":"closed","sticky":false,"template":"","format":"standard","meta":{"footnotes":""},"categories":[7],"tags":[],"class_list":["post-8421","post","type-post","status-publish","format-standard","has-post-thumbnail","hentry","category-ecologicas"],"_links":{"self":[{"href":"https:\/\/sertv.gob.pa\/crisolfm\/wp-json\/wp\/v2\/posts\/8421","targetHints":{"allow":["GET"]}}],"collection":[{"href":"https:\/\/sertv.gob.pa\/crisolfm\/wp-json\/wp\/v2\/posts"}],"about":[{"href":"https:\/\/sertv.gob.pa\/crisolfm\/wp-json\/wp\/v2\/types\/post"}],"author":[{"embeddable":true,"href":"https:\/\/sertv.gob.pa\/crisolfm\/wp-json\/wp\/v2\/users\/1"}],"replies":[{"embeddable":true,"href":"https:\/\/sertv.gob.pa\/crisolfm\/wp-json\/wp\/v2\/comments?post=8421"}],"version-history":[{"count":0,"href":"https:\/\/sertv.gob.pa\/crisolfm\/wp-json\/wp\/v2\/posts\/8421\/revisions"}],"wp:featuredmedia":[{"embeddable":true,"href":"https:\/\/sertv.gob.pa\/crisolfm\/wp-json\/wp\/v2\/media\/8422"}],"wp:attachment":[{"href":"https:\/\/sertv.gob.pa\/crisolfm\/wp-json\/wp\/v2\/media?parent=8421"}],"wp:term":[{"taxonomy":"category","embeddable":true,"href":"https:\/\/sertv.gob.pa\/crisolfm\/wp-json\/wp\/v2\/categories?post=8421"},{"taxonomy":"post_tag","embeddable":true,"href":"https:\/\/sertv.gob.pa\/crisolfm\/wp-json\/wp\/v2\/tags?post=8421"}],"curies":[{"name":"wp","href":"https:\/\/api.w.org\/{rel}","templated":true}]}}