{"id":8427,"date":"2017-05-26T15:53:50","date_gmt":"2017-05-26T15:53:50","guid":{"rendered":""},"modified":"2017-05-26T15:53:50","modified_gmt":"2017-05-26T15:53:50","slug":"greenpeace-y-oxfam-solicitan-al-g7-acciones-por-el-clima","status":"publish","type":"post","link":"https:\/\/sertv.gob.pa\/crisolfm\/greenpeace-y-oxfam-solicitan-al-g7-acciones-por-el-clima\/","title":{"rendered":"Greenpeace y Oxfam solicitan al G7 acciones  por el clima"},"content":{"rendered":"<p>\nLas organizaciones no gubernamentales (ONG) Greenpeace y Oxfam solicitaron a los l\u00edderes del G7, reunidos en Taormina (sur de Italia), acciones concretas para avanzar en la lucha contra el cambio clim\u00e1tico y contra el hambre en el mundo. <\/p>\n<p>Activistas de la organizaci\u00f3n ecologista Greenpeace en Italia han desplegado en la ciudad siciliana, donde se reunen los l\u00edderes de los siete pa\u00edses m\u00e1s industrializados del mundo, una pancarta de 110 metros cuadrados con el mensaje &lsquo;Climate Justice Now&#8217; (Justicia Clim\u00e1tica ya). <\/p>\n<p>El prop\u00f3sito de la campa\u00f1a es pedir a los jefes de Estado de Alemania, Francia, Italia, Reino Unido, Jap\u00f3n, Canad\u00e1 y Estados Unidos que acuerden acciones m\u00e1s ambiciosas para atajar el cambio clim\u00e1tico y sus &ldquo;desastrosas consecuencias&rdquo;, y llama en particular a los socios a solicitar responsabilidad a Washington. <\/p>\n<p>&ldquo;Los pa\u00edses del G7 deben dejar claro al presidente de Estados Unidos, Donald Trump, que es inaceptable que los Estados Unidos se sustraigan a los compromisos acordados para proteger el clima&rdquo;, pidi\u00f3 la ONG en un comunicado. <\/p>\n<p>Trump no ha decidido a\u00fan si ratificar\u00e1 el Acuerdo de Par\u00eds y se espera que la lucha contra el calentamiento global sea uno de los puntos de desencuentro en la cumbre del G7 entre Estados Unidos y el resto de pa\u00edses, comprometidos a implementar el acuerdo. Greenpeace se\u00f1ala que el acuerdo &lsquo;corre el riesgo de resquebrajarse&#8217; si Trump da marcha atr\u00e1s. <\/p>\n<p>\u00a0 <\/p>\n","protected":false},"excerpt":{"rendered":"<p>Las organizaciones no gubernamentales (ONG) Greenpeace y Oxfam solicitaron a <a href=\"https:\/\/sertv.gob.pa\/crisolfm\/greenpeace-y-oxfam-solicitan-al-g7-acciones-por-el-clima\/\"> [&#8230;]<\/a><\/p>\n","protected":false},"author":1,"featured_media":8428,"comment_status":"closed","ping_status":"closed","sticky":false,"template":"","format":"standard","meta":{"footnotes":""},"categories":[7],"tags":[],"class_list":["post-8427","post","type-post","status-publish","format-standard","has-post-thumbnail","hentry","category-ecologicas"],"_links":{"self":[{"href":"https:\/\/sertv.gob.pa\/crisolfm\/wp-json\/wp\/v2\/posts\/8427","targetHints":{"allow":["GET"]}}],"collection":[{"href":"https:\/\/sertv.gob.pa\/crisolfm\/wp-json\/wp\/v2\/posts"}],"about":[{"href":"https:\/\/sertv.gob.pa\/crisolfm\/wp-json\/wp\/v2\/types\/post"}],"author":[{"embeddable":true,"href":"https:\/\/sertv.gob.pa\/crisolfm\/wp-json\/wp\/v2\/users\/1"}],"replies":[{"embeddable":true,"href":"https:\/\/sertv.gob.pa\/crisolfm\/wp-json\/wp\/v2\/comments?post=8427"}],"version-history":[{"count":0,"href":"https:\/\/sertv.gob.pa\/crisolfm\/wp-json\/wp\/v2\/posts\/8427\/revisions"}],"wp:featuredmedia":[{"embeddable":true,"href":"https:\/\/sertv.gob.pa\/crisolfm\/wp-json\/wp\/v2\/media\/8428"}],"wp:attachment":[{"href":"https:\/\/sertv.gob.pa\/crisolfm\/wp-json\/wp\/v2\/media?parent=8427"}],"wp:term":[{"taxonomy":"category","embeddable":true,"href":"https:\/\/sertv.gob.pa\/crisolfm\/wp-json\/wp\/v2\/categories?post=8427"},{"taxonomy":"post_tag","embeddable":true,"href":"https:\/\/sertv.gob.pa\/crisolfm\/wp-json\/wp\/v2\/tags?post=8427"}],"curies":[{"name":"wp","href":"https:\/\/api.w.org\/{rel}","templated":true}]}}