{"id":8479,"date":"2017-06-01T15:38:48","date_gmt":"2017-06-01T15:38:48","guid":{"rendered":""},"modified":"2017-06-01T15:38:48","modified_gmt":"2017-06-01T15:38:48","slug":"en-los-proximos-dias-trump-decidira-sobre-el-acuerdo-de-paris","status":"publish","type":"post","link":"https:\/\/sertv.gob.pa\/crisolfm\/en-los-proximos-dias-trump-decidira-sobre-el-acuerdo-de-paris\/","title":{"rendered":"En los pr\u00f3ximos d\u00edas Trump decidir\u00e1 sobre el Acuerdo de Par\u00eds"},"content":{"rendered":"<p>\nEl presidente de EE.UU., Donald Trump, expres\u00f3 ayer mi\u00e9rcoles que anunciar\u00e1 si su pa\u00eds contin\u00faa o no en el Acuerdo clim\u00e1tico de Par\u00eds &ldquo;en los pr\u00f3ximos d\u00edas&rdquo;, sin confirmar las informaciones de varios medios acerca de que ya ha tomado la decisi\u00f3n de retirarse del pacto. &ldquo;Anunciar\u00e9 mi decisi\u00f3n sobre el Acuerdo de Par\u00eds en los pr\u00f3ximos d\u00edas. \u00a1Hacer a Estados Unidos grande de nuevo!&rdquo;, tuite\u00f3 Trump. <\/p>\n<p>El mandatario no detall\u00f3 cu\u00e1ndo har\u00e1 ese anuncio ni confirm\u00f3 que vaya a abandonar el Acuerdo de Par\u00eds, como adelantaron algunos medios estadounidenses con base en fuentes oficiales an\u00f3nimas conocedoras de la decisi\u00f3n de Trump. <\/p>\n<p>De acuerdo con la web de noticias Axios, \u00a0la primera en informar de la decisi\u00f3n de Trump de sacar a EE.UU. del Acuerdo de Par\u00eds, suscrito por casi 200 pa\u00edses a finales de 2015, el mandatario eval\u00faa ahora con su equipo c\u00f3mo ejecutar la retirada del pacto. <\/p>\n<p>Este pasado martes, Trump se reuni\u00f3 con Scott Pruitt, director de la Agencia de Protecci\u00f3n Medioambiental (EPA, por su sigla en ingl\u00e9s) y esc\u00e9ptico del cambio clim\u00e1tico, mientras que ayer ten\u00eda previsto un encuentro en la Casa Blanca con su secretario de Estado, Rex Tillerson, quien est\u00e1 a favor de que EE.UU. siga formando parte del Acuerdo de Par\u00eds. <\/p>\n<p>El Acuerdo de Par\u00eds se firm\u00f3 durante el mandato presidencial de Barack Obama, quien defini\u00f3 ese pacto como un punto de inflexi\u00f3n y la mejor oportunidad \u00a0para salvar al planeta. <\/p>\n<p>La meta propuesta por Obama dentro del marco del Acuerdo de Par\u00eds es que EE.UU. reduzca para 2025 las emisiones de gases de efecto invernadero entre un 26 y un 28% respecto a los niveles de 2005. El pasado fin de semana, mientras participaba en la cumbre de l\u00edderes del G7 en la ciudad italiana de Taormina (Sicilia), Trump anticip\u00f3 en Twitter que tomar\u00eda su decisi\u00f3n final sobre si EE.UU. debe seguir formando parte del Acuerdo de Par\u00eds esta semana. <\/p>\n<p>Durante su campa\u00f1a electoral, Trump critic\u00f3 duramente el Acuerdo de Par\u00eds y el cambio clim\u00e1tico, un fen\u00f3meno que lleg\u00f3 a calificar de &lsquo;invento&#8217; de los chinos, y ya como presidente decidi\u00f3 empezar un proceso para revisar si a EE.UU. le conviene seguir en el pacto. <\/p>\n<p>Seg\u00fan la Casa Blanca, Trump quer\u00eda escuchar a sus socios en el G7, el grupo de las siete democracias m\u00e1s industrializadas del mundo, antes de tomar una decisi\u00f3n al respecto. Pese a la presi\u00f3n ejercida por el presidente franc\u00e9s, Emmanuel Macron, o la canciller alemana, Angela Merkel, la declaraci\u00f3n final de la cumbre del G7 reconoci\u00f3 que, ante su revisi\u00f3n en marcha del Acuerdo de Par\u00eds, Estados Unidos &lsquo;no est\u00e1 en posici\u00f3n de alcanzar un consenso&#8217; sobre la lucha contra el cambio clim\u00e1tico. Los miembros del G7, salvo EE.UU., reiteraron en esa declaraci\u00f3n su compromiso de implementar &lsquo;r\u00e1pidamente&#8217; el Acuerdo de Par\u00eds. <\/p>\n<p>\u00a0 <\/p>\n","protected":false},"excerpt":{"rendered":"<p>El presidente de EE.UU., Donald Trump, expres\u00f3 ayer mi\u00e9rcoles que <a href=\"https:\/\/sertv.gob.pa\/crisolfm\/en-los-proximos-dias-trump-decidira-sobre-el-acuerdo-de-paris\/\"> [&#8230;]<\/a><\/p>\n","protected":false},"author":1,"featured_media":8480,"comment_status":"closed","ping_status":"closed","sticky":false,"template":"","format":"standard","meta":{"footnotes":""},"categories":[7],"tags":[],"class_list":["post-8479","post","type-post","status-publish","format-standard","has-post-thumbnail","hentry","category-ecologicas"],"_links":{"self":[{"href":"https:\/\/sertv.gob.pa\/crisolfm\/wp-json\/wp\/v2\/posts\/8479","targetHints":{"allow":["GET"]}}],"collection":[{"href":"https:\/\/sertv.gob.pa\/crisolfm\/wp-json\/wp\/v2\/posts"}],"about":[{"href":"https:\/\/sertv.gob.pa\/crisolfm\/wp-json\/wp\/v2\/types\/post"}],"author":[{"embeddable":true,"href":"https:\/\/sertv.gob.pa\/crisolfm\/wp-json\/wp\/v2\/users\/1"}],"replies":[{"embeddable":true,"href":"https:\/\/sertv.gob.pa\/crisolfm\/wp-json\/wp\/v2\/comments?post=8479"}],"version-history":[{"count":0,"href":"https:\/\/sertv.gob.pa\/crisolfm\/wp-json\/wp\/v2\/posts\/8479\/revisions"}],"wp:featuredmedia":[{"embeddable":true,"href":"https:\/\/sertv.gob.pa\/crisolfm\/wp-json\/wp\/v2\/media\/8480"}],"wp:attachment":[{"href":"https:\/\/sertv.gob.pa\/crisolfm\/wp-json\/wp\/v2\/media?parent=8479"}],"wp:term":[{"taxonomy":"category","embeddable":true,"href":"https:\/\/sertv.gob.pa\/crisolfm\/wp-json\/wp\/v2\/categories?post=8479"},{"taxonomy":"post_tag","embeddable":true,"href":"https:\/\/sertv.gob.pa\/crisolfm\/wp-json\/wp\/v2\/tags?post=8479"}],"curies":[{"name":"wp","href":"https:\/\/api.w.org\/{rel}","templated":true}]}}