{"id":8491,"date":"2017-06-02T15:32:56","date_gmt":"2017-06-02T15:32:56","guid":{"rendered":""},"modified":"2017-06-02T15:32:56","modified_gmt":"2017-06-02T15:32:56","slug":"debaten-sostenibilidad-energetica-de-edificaciones-de-a-latina","status":"publish","type":"post","link":"https:\/\/sertv.gob.pa\/crisolfm\/debaten-sostenibilidad-energetica-de-edificaciones-de-a-latina\/","title":{"rendered":"Debaten sostenibilidad energ\u00e9tica de edificaciones de A. Latina"},"content":{"rendered":"<p>\nLos est\u00e1ndares verdes, la certificaci\u00f3n energ\u00e9tica en equipos de ventilaci\u00f3n y la gerencia de edificios en Am\u00e9rica Latina, son los temas que una veintena de expertos abordan en dos convenciones paralelas inauguradas este jueves en Panam\u00e1. <\/p>\n<p>Los congresos &ldquo;Refriam\u00e9ricas&rdquo; y &ldquo;TecnoEdificios &#038; Seguridad&rdquo;, que cuentan con una secci\u00f3n acad\u00e9mica dirigida a ingenieros de sistemas mec\u00e1nicos, contratistas, fabricantes de equipos y distribuidores, busca durante dos jornadas capacitar sobre las tendencias de sostenibilidad energ\u00e9tica en la regi\u00f3n. <\/p>\n<p>En el evento, Juan Ochoa, subcontratista de gesti\u00f3n ambiental proveniente de Colombia, manifest\u00f3 que el tema de los est\u00e1ndares verdes aplicados al funcionamiento de los edificios es importante para efectuar una gesti\u00f3n sostenible en el inmueble. <\/p>\n<p>&lsquo;Los edificios deben ser m\u00e1s sostenibles a partir del dise\u00f1o de construcci\u00f3n, incluyendo el manejo gerencial con todos los componentes que representan, desde la ventilaci\u00f3n hasta la eficiencia energ\u00e9tica, para mitigar el impacto en el ambiente&#8217;, sostuvo. <\/p>\n<p>Ochoa asegur\u00f3 que en Brasil y Colombia ya lideran el tema de la sostenibilidad energ\u00e9tica y est\u00e1ndares verdes, y consider\u00f3 que los gobiernos deben implementar mejores pol\u00edticas para supervisar la condici\u00f3n de los edificios. <\/p>\n<p>Por su parte, el presidente de la asociaci\u00f3n Paname\u00f1a de gerentes de mantenimiento (Apafam), Manuel Medina, se refiri\u00f3 a la adecuaci\u00f3n de los equipos de los edificios antiguos y la calidad del entorno interior. <\/p>\n<p>&lsquo;Debemos ver las necesidades de los edificios antiguos para que sean competitivos y que se ubiquen a la par de los inteligentes. Ahora vemos un cambio, porque los due\u00f1os de las propiedades (antiguas) entienden que el manejo operacional tiene que ver con el rendimiento que tienen&#8217; desde el punto de vista energ\u00e9tico, manifest\u00f3 el representante. <\/p>\n<p>La coordinadora nacional de ozono del Ministerio de Salud, Niurka Gonz\u00e1lez, indic\u00f3 que la entidad est\u00e1 supervisando los entornos de los edificios, incluyendo los gases que componen los elementos de refrigeraci\u00f3n y aires acondicionados. <\/p>\n<p>La funcionaria se\u00f1al\u00f3 que desde hace dos a\u00f1os el pa\u00eds ha optado por nuevas tecnolog\u00eda en refrigeraci\u00f3n que sean m\u00e1s amigables con el ambiente. <\/p>\n<p>Por su parte, el gerente de proyecto de Refriam\u00e9ricas, Fabio Giraldo, dijo que adem\u00e1s de conocer las perspectivas y panoramas que ofrecen los especialistas, ambos congresos se complementan con una feria comercial en el Centro de Convenciones Atlapa. <\/p>\n","protected":false},"excerpt":{"rendered":"<p>Los est\u00e1ndares verdes, la certificaci\u00f3n energ\u00e9tica en equipos de ventilaci\u00f3n <a href=\"https:\/\/sertv.gob.pa\/crisolfm\/debaten-sostenibilidad-energetica-de-edificaciones-de-a-latina\/\"> [&#8230;]<\/a><\/p>\n","protected":false},"author":1,"featured_media":8492,"comment_status":"closed","ping_status":"closed","sticky":false,"template":"","format":"standard","meta":{"footnotes":""},"categories":[7],"tags":[],"class_list":["post-8491","post","type-post","status-publish","format-standard","has-post-thumbnail","hentry","category-ecologicas"],"_links":{"self":[{"href":"https:\/\/sertv.gob.pa\/crisolfm\/wp-json\/wp\/v2\/posts\/8491","targetHints":{"allow":["GET"]}}],"collection":[{"href":"https:\/\/sertv.gob.pa\/crisolfm\/wp-json\/wp\/v2\/posts"}],"about":[{"href":"https:\/\/sertv.gob.pa\/crisolfm\/wp-json\/wp\/v2\/types\/post"}],"author":[{"embeddable":true,"href":"https:\/\/sertv.gob.pa\/crisolfm\/wp-json\/wp\/v2\/users\/1"}],"replies":[{"embeddable":true,"href":"https:\/\/sertv.gob.pa\/crisolfm\/wp-json\/wp\/v2\/comments?post=8491"}],"version-history":[{"count":0,"href":"https:\/\/sertv.gob.pa\/crisolfm\/wp-json\/wp\/v2\/posts\/8491\/revisions"}],"wp:featuredmedia":[{"embeddable":true,"href":"https:\/\/sertv.gob.pa\/crisolfm\/wp-json\/wp\/v2\/media\/8492"}],"wp:attachment":[{"href":"https:\/\/sertv.gob.pa\/crisolfm\/wp-json\/wp\/v2\/media?parent=8491"}],"wp:term":[{"taxonomy":"category","embeddable":true,"href":"https:\/\/sertv.gob.pa\/crisolfm\/wp-json\/wp\/v2\/categories?post=8491"},{"taxonomy":"post_tag","embeddable":true,"href":"https:\/\/sertv.gob.pa\/crisolfm\/wp-json\/wp\/v2\/tags?post=8491"}],"curies":[{"name":"wp","href":"https:\/\/api.w.org\/{rel}","templated":true}]}}