{"id":8493,"date":"2017-06-02T15:42:21","date_gmt":"2017-06-02T15:42:21","guid":{"rendered":""},"modified":"2017-06-02T15:42:21","modified_gmt":"2017-06-02T15:42:21","slug":"lideres-lamentan-la-salida-de-eu-del-acuerdo-de-paris","status":"publish","type":"post","link":"https:\/\/sertv.gob.pa\/crisolfm\/lideres-lamentan-la-salida-de-eu-del-acuerdo-de-paris\/","title":{"rendered":"L\u00edderes lamentan la salida de EU del Acuerdo de Par\u00eds"},"content":{"rendered":"<p>\nEl presidente de Estados Unidos, Donald Trump, finalmente decidi\u00f3 sacar al pa\u00eds del Acuerdo de Par\u00eds sobre el cambio clim\u00e1tico y el mundo entero se lo recrimina. <\/p>\n<p>Trump confirm\u00f3, ayer jueves, su decisi\u00f3n de sacar a su pa\u00eds del Acuerdo clim\u00e1tico de Par\u00eds, tal y como prometi\u00f3 en campa\u00f1a electoral, rompiendo el compromiso firmado por su antecesor, Barack Obama, con casi 200 pa\u00edses, indic\u00f3 la agencia de noticia EFE. <\/p>\n<p>Diversos pa\u00edses lamentaron la decisi\u00f3n del mandatario estadounidense, adem\u00e1s de la Uni\u00f3n Europea y la Organizaci\u00f3n de las Naciones Unidas (ONU). <\/p>\n<p>Una de las primeras naciones en pronunciarse fue Alemania. La canciller alemana, Angela Merkel, lament\u00f3 la decisi\u00f3n de Trump y se comprometi\u00f3 a seguir trabajando &ldquo;con todas las fuerzas&rdquo; para lograr una pol\u00edtica global contra el cambio clim\u00e1tico. <\/p>\n<p>Trump anunci\u00f3 que sacar\u00e1 a su pa\u00eds del Acuerdo de Par\u00eds contra el calentamiento global al considerar que da\u00f1a los intereses econ\u00f3micos de EE.UU., una decisi\u00f3n que supone un varapalo al mayor instrumento multilateral para combatir el cambio clim\u00e1tico, rese\u00f1\u00f3 la agencia EFE. <\/p>\n<p>La ONU calific\u00f3 la medida como una &ldquo;gran decepci\u00f3n&rdquo;. <\/p>\n<p>\u00a0 <\/p>\n<p>\u00a0 <\/p>\n","protected":false},"excerpt":{"rendered":"<p>El presidente de Estados Unidos, Donald Trump, finalmente decidi\u00f3 sacar <a href=\"https:\/\/sertv.gob.pa\/crisolfm\/lideres-lamentan-la-salida-de-eu-del-acuerdo-de-paris\/\"> [&#8230;]<\/a><\/p>\n","protected":false},"author":1,"featured_media":8494,"comment_status":"closed","ping_status":"closed","sticky":false,"template":"","format":"standard","meta":{"footnotes":""},"categories":[7],"tags":[],"class_list":["post-8493","post","type-post","status-publish","format-standard","has-post-thumbnail","hentry","category-ecologicas"],"_links":{"self":[{"href":"https:\/\/sertv.gob.pa\/crisolfm\/wp-json\/wp\/v2\/posts\/8493","targetHints":{"allow":["GET"]}}],"collection":[{"href":"https:\/\/sertv.gob.pa\/crisolfm\/wp-json\/wp\/v2\/posts"}],"about":[{"href":"https:\/\/sertv.gob.pa\/crisolfm\/wp-json\/wp\/v2\/types\/post"}],"author":[{"embeddable":true,"href":"https:\/\/sertv.gob.pa\/crisolfm\/wp-json\/wp\/v2\/users\/1"}],"replies":[{"embeddable":true,"href":"https:\/\/sertv.gob.pa\/crisolfm\/wp-json\/wp\/v2\/comments?post=8493"}],"version-history":[{"count":0,"href":"https:\/\/sertv.gob.pa\/crisolfm\/wp-json\/wp\/v2\/posts\/8493\/revisions"}],"wp:featuredmedia":[{"embeddable":true,"href":"https:\/\/sertv.gob.pa\/crisolfm\/wp-json\/wp\/v2\/media\/8494"}],"wp:attachment":[{"href":"https:\/\/sertv.gob.pa\/crisolfm\/wp-json\/wp\/v2\/media?parent=8493"}],"wp:term":[{"taxonomy":"category","embeddable":true,"href":"https:\/\/sertv.gob.pa\/crisolfm\/wp-json\/wp\/v2\/categories?post=8493"},{"taxonomy":"post_tag","embeddable":true,"href":"https:\/\/sertv.gob.pa\/crisolfm\/wp-json\/wp\/v2\/tags?post=8493"}],"curies":[{"name":"wp","href":"https:\/\/api.w.org\/{rel}","templated":true}]}}