{"id":8497,"date":"2017-06-02T16:06:40","date_gmt":"2017-06-02T16:06:40","guid":{"rendered":""},"modified":"2017-06-02T16:06:40","modified_gmt":"2017-06-02T16:06:40","slug":"el-biomuseo-celebra-dia-mundial-del-medio-ambiente-este-lunes","status":"publish","type":"post","link":"https:\/\/sertv.gob.pa\/crisolfm\/el-biomuseo-celebra-dia-mundial-del-medio-ambiente-este-lunes\/","title":{"rendered":"El Biomuseo celebra D\u00eda Mundial del Medio Ambiente este lunes"},"content":{"rendered":"<p>\nEl 5 de junio, el  Biomuseo de Panam\u00e1  se iluminar\u00e1 de verde y albergar\u00e1 en sus espacios, que est\u00e1n inspirados en la selva tropical, el acto oficial de la celebraci\u00f3n regional del D\u00eda Mundial del Medio Ambiente. <\/p>\n<p>El Biomuseo es un colorido e innovador edificio ubicado en las riberas del Canal de Panam\u00e1, dise\u00f1ado por el renombrado arquitecto Frank Gehry,\u00a0 y sus salas relatan c\u00f3mo hace 3 millones de a\u00f1os el surgimiento del istmo paname\u00f1o uni\u00f3 dos continentes y cambi\u00f3 para siempre la biodiversidad mundial. <\/p>\n<p>El verde ba\u00f1ar\u00e1 otros grandiosos monumentos o paisajes, como los rascacielos Empire State y Burj Khalifa, el Cristo Redentor en R\u00edo, las cataratas del Ni\u00e1gara o el Museo del Louvre, para llevar a todos los rincones el lema del D\u00eda Mundial: &ldquo;Conectando a las personas con la naturaleza&rdquo;. <\/p>\n<p>&ldquo;La totalidad de nuestra vida moderna, con sus tel\u00e9fonos inteligentes y rascacielos, se basa en los fr\u00e1giles sistemas de la naturaleza&rdquo;, manifest\u00f3 el Director Ejecutivo de ONU Medio Ambiente, Erik Solheim. &ldquo;Hoy d\u00eda, esas bases tambalean, socavadas por el cambio clim\u00e1tico causado por el hombre, la deforestaci\u00f3n y la extinci\u00f3n de especies. Ni los grandes progresos tecnol\u00f3gicos nos podr\u00e1n salvar si destruimos y contaminamos nuestra fuente de vida&rdquo;. <\/p>\n<p>Miles de eventos se est\u00e1n organizando alrededor del planeta para impulsar los esfuerzos por la conservaci\u00f3n de la naturaleza. <\/p>\n<p>Am\u00e9rica Latina y el Caribe se suma a la campa\u00f1a global Estoy #ConLaNaturaleza con iniciativas ciudadanas, como limpiezas de playas, e importantes anuncios oficiales, como el de movilidad sostenible que har\u00e1 Panam\u00e1.\u00a0 En la principal terminal de transporte de la capital paname\u00f1a, la estaci\u00f3n de Albrook, se lanzar\u00e1 una campa\u00f1a nacional de sensibilizaci\u00f3n sobre c\u00f3mo la reconexi\u00f3n con la naturaleza nos puede ayudar a tener un estilo de vida urbano sostenible. <\/p>\n<p>\u00a0 <\/p>\n<p>\u00a0 <\/p>\n","protected":false},"excerpt":{"rendered":"<p>El 5 de junio, el Biomuseo de Panam\u00e1 se iluminar\u00e1 <a href=\"https:\/\/sertv.gob.pa\/crisolfm\/el-biomuseo-celebra-dia-mundial-del-medio-ambiente-este-lunes\/\"> [&#8230;]<\/a><\/p>\n","protected":false},"author":1,"featured_media":8498,"comment_status":"closed","ping_status":"closed","sticky":false,"template":"","format":"standard","meta":{"footnotes":""},"categories":[7],"tags":[],"class_list":["post-8497","post","type-post","status-publish","format-standard","has-post-thumbnail","hentry","category-ecologicas"],"_links":{"self":[{"href":"https:\/\/sertv.gob.pa\/crisolfm\/wp-json\/wp\/v2\/posts\/8497","targetHints":{"allow":["GET"]}}],"collection":[{"href":"https:\/\/sertv.gob.pa\/crisolfm\/wp-json\/wp\/v2\/posts"}],"about":[{"href":"https:\/\/sertv.gob.pa\/crisolfm\/wp-json\/wp\/v2\/types\/post"}],"author":[{"embeddable":true,"href":"https:\/\/sertv.gob.pa\/crisolfm\/wp-json\/wp\/v2\/users\/1"}],"replies":[{"embeddable":true,"href":"https:\/\/sertv.gob.pa\/crisolfm\/wp-json\/wp\/v2\/comments?post=8497"}],"version-history":[{"count":0,"href":"https:\/\/sertv.gob.pa\/crisolfm\/wp-json\/wp\/v2\/posts\/8497\/revisions"}],"wp:featuredmedia":[{"embeddable":true,"href":"https:\/\/sertv.gob.pa\/crisolfm\/wp-json\/wp\/v2\/media\/8498"}],"wp:attachment":[{"href":"https:\/\/sertv.gob.pa\/crisolfm\/wp-json\/wp\/v2\/media?parent=8497"}],"wp:term":[{"taxonomy":"category","embeddable":true,"href":"https:\/\/sertv.gob.pa\/crisolfm\/wp-json\/wp\/v2\/categories?post=8497"},{"taxonomy":"post_tag","embeddable":true,"href":"https:\/\/sertv.gob.pa\/crisolfm\/wp-json\/wp\/v2\/tags?post=8497"}],"curies":[{"name":"wp","href":"https:\/\/api.w.org\/{rel}","templated":true}]}}