{"id":8519,"date":"2017-06-06T15:41:45","date_gmt":"2017-06-06T15:41:45","guid":{"rendered":""},"modified":"2017-06-06T15:41:45","modified_gmt":"2017-06-06T15:41:45","slug":"instan-al-compromiso-con-las-buenas-practicas-ambientales","status":"publish","type":"post","link":"https:\/\/sertv.gob.pa\/crisolfm\/instan-al-compromiso-con-las-buenas-practicas-ambientales\/","title":{"rendered":"Instan al compromiso con las buenas pr\u00e1cticas ambientales"},"content":{"rendered":"<p>\nMiembros de la C\u00e1mara Paname\u00f1a de la Construcci\u00f3n (Capac) instaron a los ciudadanos, profesionales y empresarios a efectuar \u00a0buenas pr\u00e1cticas ambientales para lograr una reconciliaci\u00f3n entre el bienestar econ\u00f3mico, los recursos naturales y la sociedad, evitando comprometer la vida en el planeta. <\/p>\n<p>Representantes del gremio propusieron un compromiso con la conservaci\u00f3n del agua, el uso de equipos con sistemas de ahorro energ\u00e9tico y el reciclaje de residuos. <\/p>\n<p>El tema fue abordado durante el foro &ldquo;Beneficios econ\u00f3micos, ambientales y sociales del desarrollo sostenible en la industria de la construcci\u00f3n&rdquo;, que organiz\u00f3 recientemente la Capac y su Comisi\u00f3n de Ambiente y Construcci\u00f3n Sostenible. <\/p>\n<p>El foro pretende aportar nuevas ideas y dise\u00f1os de construcci\u00f3n que faciliten la compatibilidad entre los servicios ambientales y las acciones humanas, con la intenci\u00f3n de minimizar los impactos negativos en el entorno y potenciar el desarrollo social y econ\u00f3mico, afirm\u00f3 el presidente del sector, Iv\u00e1n De Ycaza . <\/p>\n<p>En su segunda versi\u00f3n, el foro cont\u00f3 con la asistencia de unos 200 participantes entre contratistas, promotores, financistas, arquitectos, economistas ambientales, consultores y auditores ambientales para conocer los temas econ\u00f3micos, sociales y ambientales vinculados con un desarrollo sostenible. <\/p>\n<p>Conscientes de la estrecha relaci\u00f3n entre la industria de la construcci\u00f3n y la sostenibilidad, Capac apuesta por un desarrollo que satisfaga las necesidades sin comprometer los recursos de las generaciones futuras, porque la construcci\u00f3n es la industria del bienestar humano, apunt\u00f3 De Ycaza. <\/p>\n<p>El coordinador de la Comisi\u00f3n de Ambiente y Construcci\u00f3n Sostenible, Alexis Fletcher, se refiri\u00f3 a la importancia de la consulta en la creaci\u00f3n de leyes de temas ambientales, a todos los sectores vinculados. &lsquo;Esperamos que no haya sorpresas en cuanto a las nuevas legislaciones ambientales, que incluyen planes de ordenamiento ambiental territorial, zonificaci\u00f3n seg\u00fan el nivel de ruido, nuevas normas ambientales, seguros de responsabilidad ambiental y los efectos de los informes ambientales del personal institucional&#8217;, recalc\u00f3 Fletcher. <\/p>\n<p>El foro se llev\u00f3 a cabo el 1 de junio en el Hotel Riu. <\/p>\n<p>\u00a0 <\/p>\n<p>\u00a0 <\/p>\n","protected":false},"excerpt":{"rendered":"<p>Miembros de la C\u00e1mara Paname\u00f1a de la Construcci\u00f3n (Capac) instaron <a href=\"https:\/\/sertv.gob.pa\/crisolfm\/instan-al-compromiso-con-las-buenas-practicas-ambientales\/\"> [&#8230;]<\/a><\/p>\n","protected":false},"author":1,"featured_media":8520,"comment_status":"closed","ping_status":"closed","sticky":false,"template":"","format":"standard","meta":{"footnotes":""},"categories":[7],"tags":[],"class_list":["post-8519","post","type-post","status-publish","format-standard","has-post-thumbnail","hentry","category-ecologicas"],"_links":{"self":[{"href":"https:\/\/sertv.gob.pa\/crisolfm\/wp-json\/wp\/v2\/posts\/8519","targetHints":{"allow":["GET"]}}],"collection":[{"href":"https:\/\/sertv.gob.pa\/crisolfm\/wp-json\/wp\/v2\/posts"}],"about":[{"href":"https:\/\/sertv.gob.pa\/crisolfm\/wp-json\/wp\/v2\/types\/post"}],"author":[{"embeddable":true,"href":"https:\/\/sertv.gob.pa\/crisolfm\/wp-json\/wp\/v2\/users\/1"}],"replies":[{"embeddable":true,"href":"https:\/\/sertv.gob.pa\/crisolfm\/wp-json\/wp\/v2\/comments?post=8519"}],"version-history":[{"count":0,"href":"https:\/\/sertv.gob.pa\/crisolfm\/wp-json\/wp\/v2\/posts\/8519\/revisions"}],"wp:featuredmedia":[{"embeddable":true,"href":"https:\/\/sertv.gob.pa\/crisolfm\/wp-json\/wp\/v2\/media\/8520"}],"wp:attachment":[{"href":"https:\/\/sertv.gob.pa\/crisolfm\/wp-json\/wp\/v2\/media?parent=8519"}],"wp:term":[{"taxonomy":"category","embeddable":true,"href":"https:\/\/sertv.gob.pa\/crisolfm\/wp-json\/wp\/v2\/categories?post=8519"},{"taxonomy":"post_tag","embeddable":true,"href":"https:\/\/sertv.gob.pa\/crisolfm\/wp-json\/wp\/v2\/tags?post=8519"}],"curies":[{"name":"wp","href":"https:\/\/api.w.org\/{rel}","templated":true}]}}