{"id":8535,"date":"2017-06-07T16:33:21","date_gmt":"2017-06-07T16:33:21","guid":{"rendered":""},"modified":"2017-06-07T16:33:21","modified_gmt":"2017-06-07T16:33:21","slug":"lanzan-campana-huella-verde-para-la-movilidad-urbana","status":"publish","type":"post","link":"https:\/\/sertv.gob.pa\/crisolfm\/lanzan-campana-huella-verde-para-la-movilidad-urbana\/","title":{"rendered":"Lanzan campa\u00f1a \u201chuella verde para la movilidad urbana\u201d"},"content":{"rendered":"<p>\nPara sensibilizar a la poblaci\u00f3n paname\u00f1a, el Ministerio de Ambiente (MiAmbiente), junto con la Secretar\u00eda de Metro de Panam\u00e1, la Gran Terminal Nacional De Transporte, la Empresa Mi Bus, el Municipio de Panam\u00e1, ONU Medio Ambiente y la Fundaci\u00f3n Alemana Konrad Adenauer, lanzaron la campa\u00f1a &ldquo;Una huella verde para la movilidad urbana&rdquo;. <\/p>\n<p>La iniciativa que se lanz\u00f3 el pasado lunes, D\u00eda Mundial del Ambiente, en el \u00e1rea central de la terminal de transporte de Albrook, mediante varias pantallas interactivas que muestran informaci\u00f3n sobre turismo verde, cambio clim\u00e1tico, alianza por el mill\u00f3n, estado del tiempo, consejos para ahorrar agua, energ\u00eda y los da\u00f1os de la contaminaci\u00f3n, entre otras informaciones. <\/p>\n<p>Con la informaci\u00f3n divulgada las entidades unidas esperan motivar a las personas a que se conviertan en agentes activos del desarrollo sostenible bajo en carbono. <\/p>\n<p>\u00a0 <\/p>\n","protected":false},"excerpt":{"rendered":"<p>Para sensibilizar a la poblaci\u00f3n paname\u00f1a, el Ministerio de Ambiente <a href=\"https:\/\/sertv.gob.pa\/crisolfm\/lanzan-campana-huella-verde-para-la-movilidad-urbana\/\"> [&#8230;]<\/a><\/p>\n","protected":false},"author":1,"featured_media":8536,"comment_status":"closed","ping_status":"closed","sticky":false,"template":"","format":"standard","meta":{"footnotes":""},"categories":[7],"tags":[],"class_list":["post-8535","post","type-post","status-publish","format-standard","has-post-thumbnail","hentry","category-ecologicas"],"_links":{"self":[{"href":"https:\/\/sertv.gob.pa\/crisolfm\/wp-json\/wp\/v2\/posts\/8535","targetHints":{"allow":["GET"]}}],"collection":[{"href":"https:\/\/sertv.gob.pa\/crisolfm\/wp-json\/wp\/v2\/posts"}],"about":[{"href":"https:\/\/sertv.gob.pa\/crisolfm\/wp-json\/wp\/v2\/types\/post"}],"author":[{"embeddable":true,"href":"https:\/\/sertv.gob.pa\/crisolfm\/wp-json\/wp\/v2\/users\/1"}],"replies":[{"embeddable":true,"href":"https:\/\/sertv.gob.pa\/crisolfm\/wp-json\/wp\/v2\/comments?post=8535"}],"version-history":[{"count":0,"href":"https:\/\/sertv.gob.pa\/crisolfm\/wp-json\/wp\/v2\/posts\/8535\/revisions"}],"wp:featuredmedia":[{"embeddable":true,"href":"https:\/\/sertv.gob.pa\/crisolfm\/wp-json\/wp\/v2\/media\/8536"}],"wp:attachment":[{"href":"https:\/\/sertv.gob.pa\/crisolfm\/wp-json\/wp\/v2\/media?parent=8535"}],"wp:term":[{"taxonomy":"category","embeddable":true,"href":"https:\/\/sertv.gob.pa\/crisolfm\/wp-json\/wp\/v2\/categories?post=8535"},{"taxonomy":"post_tag","embeddable":true,"href":"https:\/\/sertv.gob.pa\/crisolfm\/wp-json\/wp\/v2\/tags?post=8535"}],"curies":[{"name":"wp","href":"https:\/\/api.w.org\/{rel}","templated":true}]}}