{"id":8547,"date":"2017-06-08T16:21:41","date_gmt":"2017-06-08T16:21:41","guid":{"rendered":""},"modified":"2017-06-08T16:21:41","modified_gmt":"2017-06-08T16:21:41","slug":"sexto-foro-de-energias-de-apede","status":"publish","type":"post","link":"https:\/\/sertv.gob.pa\/crisolfm\/sexto-foro-de-energias-de-apede\/","title":{"rendered":"Sexto Foro de Energ\u00edas de APEDE"},"content":{"rendered":"<p>\nExpertos en materia de energ\u00eda se reunieron en el Sexto Foro de Energ\u00edas de la Asociaci\u00f3n Paname\u00f1a de Ejecutivos de Empresa (APEDE) en el que la producci\u00f3n e\u00f3lica, p\u00e1neles solares y gas natural fueron los puntos tratados. <\/p>\n<p>Guillermo De Roux, presidente del comit\u00e9 organizador, dio a conocer que entre los temas tratados estaban: \u00a0los retos de la nueva matriz de generaci\u00f3n, el fortalecimiento de las fuentes renovable y el gas natural. <\/p>\n<p>Edgar Ivankovich, presidente de la Comisi\u00f3n de Energ\u00eda de APEDE, se\u00f1al\u00f3 que la llegada de energ\u00edas renovables y la alternabilidad ayudar\u00e1 a la calidad del suministro y a mitigar los apagones. <\/p>\n<p>\u00a0 <\/p>\n","protected":false},"excerpt":{"rendered":"<p>Expertos en materia de energ\u00eda se reunieron en el Sexto <a href=\"https:\/\/sertv.gob.pa\/crisolfm\/sexto-foro-de-energias-de-apede\/\"> [&#8230;]<\/a><\/p>\n","protected":false},"author":1,"featured_media":8548,"comment_status":"closed","ping_status":"closed","sticky":false,"template":"","format":"standard","meta":{"footnotes":""},"categories":[7],"tags":[],"class_list":["post-8547","post","type-post","status-publish","format-standard","has-post-thumbnail","hentry","category-ecologicas"],"_links":{"self":[{"href":"https:\/\/sertv.gob.pa\/crisolfm\/wp-json\/wp\/v2\/posts\/8547","targetHints":{"allow":["GET"]}}],"collection":[{"href":"https:\/\/sertv.gob.pa\/crisolfm\/wp-json\/wp\/v2\/posts"}],"about":[{"href":"https:\/\/sertv.gob.pa\/crisolfm\/wp-json\/wp\/v2\/types\/post"}],"author":[{"embeddable":true,"href":"https:\/\/sertv.gob.pa\/crisolfm\/wp-json\/wp\/v2\/users\/1"}],"replies":[{"embeddable":true,"href":"https:\/\/sertv.gob.pa\/crisolfm\/wp-json\/wp\/v2\/comments?post=8547"}],"version-history":[{"count":0,"href":"https:\/\/sertv.gob.pa\/crisolfm\/wp-json\/wp\/v2\/posts\/8547\/revisions"}],"wp:featuredmedia":[{"embeddable":true,"href":"https:\/\/sertv.gob.pa\/crisolfm\/wp-json\/wp\/v2\/media\/8548"}],"wp:attachment":[{"href":"https:\/\/sertv.gob.pa\/crisolfm\/wp-json\/wp\/v2\/media?parent=8547"}],"wp:term":[{"taxonomy":"category","embeddable":true,"href":"https:\/\/sertv.gob.pa\/crisolfm\/wp-json\/wp\/v2\/categories?post=8547"},{"taxonomy":"post_tag","embeddable":true,"href":"https:\/\/sertv.gob.pa\/crisolfm\/wp-json\/wp\/v2\/tags?post=8547"}],"curies":[{"name":"wp","href":"https:\/\/api.w.org\/{rel}","templated":true}]}}