{"id":8555,"date":"2017-06-09T16:03:47","date_gmt":"2017-06-09T16:03:47","guid":{"rendered":""},"modified":"2017-06-09T16:03:47","modified_gmt":"2017-06-09T16:03:47","slug":"reducir-el-uso-de-plastico-pide-onu-a-america-latina","status":"publish","type":"post","link":"https:\/\/sertv.gob.pa\/crisolfm\/reducir-el-uso-de-plastico-pide-onu-a-america-latina\/","title":{"rendered":"Reducir el uso de pl\u00e1stico pide ONU a Am\u00e9rica Latina"},"content":{"rendered":"<p>\nLa Organizaci\u00f3n de las Naciones Unidas para el Medio Ambiente solicit\u00f3 a la regi\u00f3n latinoamericana ejecutar acciones para disminuir el uso de pl\u00e1stico que llega a contaminar los oc\u00e9anos, en el marco del D\u00eda Mundial de los Oc\u00e9anos. <\/p>\n<p>El director regional para Am\u00e9rica Latina y el Caribe de ONU Medio Ambiente, Leo Heileman, se\u00f1al\u00f3 en entrevista con Acan-Efe que la organizaci\u00f3n busca hacer un llamado a los pa\u00edses para que tomen acciones nacionales y locales para reducir los contaminantes que van al mar. <\/p>\n<p>&lsquo;El mensaje que buscamos dar es de conectarse con la naturaleza. Los oc\u00e9anos son nuestro futuro y si no los cuidamos y no los mantenemos limpios, afectar\u00e1 la manera en c\u00f3mo podemos vivir. Tratamos de crear consciencia en la gente sobre el problema de la contaminaci\u00f3n marina y, en particular, sobre el pl\u00e1stico&#8217;, afirm\u00f3. <\/p>\n<p>Heileman se halla en Costa Rica como parte del Di\u00e1logo Global sobre los Oc\u00e9anos, una actividad de dos d\u00edas auspiciada por ONU Medio Ambiente en la que participar\u00e1n unos cien representantes de gobiernos y organizaciones no gubernamentales en el marco del D\u00eda Mundial de los Oc\u00e9anos. <\/p>\n<p>Datos de ONU Medio Ambiente se\u00f1alan que cada a\u00f1o, m\u00e1s de ocho millones de toneladas de pl\u00e1stico terminan en los oc\u00e9anos, lo que representa 90% de toda la basura que flota en ellos, as\u00ed como da\u00f1os de al menos $8,000 millones. <\/p>\n<p>La contaminaci\u00f3n de los oc\u00e9anos se ha convertido en uno de los principales desaf\u00edos para la salud de estos importantes ecosistemas, adem\u00e1s de que pone en peligro la seguridad alimentaria y los medios de vida de gran parte de la poblaci\u00f3n mundial. <\/p>\n<p>Heileman indic\u00f3 que lamentablemente al mar se van los qu\u00edmicos de la agricultura, los desechos dom\u00e9sticos y de la industria, en especial la minera y petrolera; sin embargo, en esta ocasi\u00f3n la organizaci\u00f3n busca enfocar su llamado en la reducci\u00f3n del pl\u00e1stico porque se trata de un producto que es altamente contaminante. <\/p>\n<p>\u00a0 <\/p>\n","protected":false},"excerpt":{"rendered":"<p>La Organizaci\u00f3n de las Naciones Unidas para el Medio Ambiente <a href=\"https:\/\/sertv.gob.pa\/crisolfm\/reducir-el-uso-de-plastico-pide-onu-a-america-latina\/\"> [&#8230;]<\/a><\/p>\n","protected":false},"author":1,"featured_media":8556,"comment_status":"closed","ping_status":"closed","sticky":false,"template":"","format":"standard","meta":{"footnotes":""},"categories":[7],"tags":[],"class_list":["post-8555","post","type-post","status-publish","format-standard","has-post-thumbnail","hentry","category-ecologicas"],"_links":{"self":[{"href":"https:\/\/sertv.gob.pa\/crisolfm\/wp-json\/wp\/v2\/posts\/8555","targetHints":{"allow":["GET"]}}],"collection":[{"href":"https:\/\/sertv.gob.pa\/crisolfm\/wp-json\/wp\/v2\/posts"}],"about":[{"href":"https:\/\/sertv.gob.pa\/crisolfm\/wp-json\/wp\/v2\/types\/post"}],"author":[{"embeddable":true,"href":"https:\/\/sertv.gob.pa\/crisolfm\/wp-json\/wp\/v2\/users\/1"}],"replies":[{"embeddable":true,"href":"https:\/\/sertv.gob.pa\/crisolfm\/wp-json\/wp\/v2\/comments?post=8555"}],"version-history":[{"count":0,"href":"https:\/\/sertv.gob.pa\/crisolfm\/wp-json\/wp\/v2\/posts\/8555\/revisions"}],"wp:featuredmedia":[{"embeddable":true,"href":"https:\/\/sertv.gob.pa\/crisolfm\/wp-json\/wp\/v2\/media\/8556"}],"wp:attachment":[{"href":"https:\/\/sertv.gob.pa\/crisolfm\/wp-json\/wp\/v2\/media?parent=8555"}],"wp:term":[{"taxonomy":"category","embeddable":true,"href":"https:\/\/sertv.gob.pa\/crisolfm\/wp-json\/wp\/v2\/categories?post=8555"},{"taxonomy":"post_tag","embeddable":true,"href":"https:\/\/sertv.gob.pa\/crisolfm\/wp-json\/wp\/v2\/tags?post=8555"}],"curies":[{"name":"wp","href":"https:\/\/api.w.org\/{rel}","templated":true}]}}