{"id":8591,"date":"2017-06-14T15:13:29","date_gmt":"2017-06-14T15:13:29","guid":{"rendered":""},"modified":"2017-06-14T15:13:29","modified_gmt":"2017-06-14T15:13:29","slug":"nuevo-festival-en-panama-ocean-fest","status":"publish","type":"post","link":"https:\/\/sertv.gob.pa\/crisolfm\/nuevo-festival-en-panama-ocean-fest\/","title":{"rendered":"Nuevo festival en Panam\u00e1 \u201cOcean Fest\u201d"},"content":{"rendered":"<p>\nUn nuevo festival en Panam\u00e1 destacar\u00e1 el rol importante de los oc\u00e9anos en la vida cotidiana de los seres humanos y en la econom\u00eda de los pa\u00edses. <\/p>\n<p>Se trata del &ldquo;Ocean Fest&rdquo;, un festival de arte, m\u00fasica y danza por los oc\u00e9anos que forma parte de las actividades organizadas este mes de junio, como parte de la celebraci\u00f3n del D\u00eda Mundial de los Oc\u00e9anos, informaron voceros de la Autoridad de los Recursos Acu\u00e1ticos (ARAP), entidad organizadora. <\/p>\n<p>El evento se realizar\u00e1 el s\u00e1bado 17 de junio en el Anfiteatro del Mirador del Pac\u00edfico de la Cinta Costera, de 10:00 a.m a 8:00 p.m. Habr\u00e1 exhibiciones de murales, talleres de conservaci\u00f3n y, desde la 1:00 p.m., actividades art\u00edsticas y culturales. <\/p>\n<p>Este a\u00f1o, con el lema &ldquo;Oc\u00e9anos para ti, oc\u00e9anos para el mundo&rdquo;, ser\u00e1 la tercera vez consecutiva que la ARAP celebra la fecha con un evento masivo. La primera y segunda Caminata Familiar por los Oc\u00e9anos (2015-2016), en las cuales se logr\u00f3 convocar a m\u00e1s de dos mil personas, fueron las dos primeras actividades. <\/p>\n<p>El D\u00eda Mundial de los Oc\u00e9anos fue establecido por la Asamblea General de las Naciones Unidas, mediante la Resoluci\u00f3n 63\/111, el 5 de diciembre de 2008, para celebrarse el 8 de junio de cada a\u00f1o. &lsquo;El D\u00eda Mundial de los Oc\u00e9anos es una oportunidad importante para promover un futuro sostenible&#8217;, manifest\u00f3 el secretario General de la ONU, Antonio Gut\u00e9rres. <\/p>\n<p>\u00a0 <\/p>\n<p>\u00a0 <\/p>\n","protected":false},"excerpt":{"rendered":"<p>Un nuevo festival en Panam\u00e1 destacar\u00e1 el rol importante de <a href=\"https:\/\/sertv.gob.pa\/crisolfm\/nuevo-festival-en-panama-ocean-fest\/\"> [&#8230;]<\/a><\/p>\n","protected":false},"author":1,"featured_media":8592,"comment_status":"closed","ping_status":"closed","sticky":false,"template":"","format":"standard","meta":{"footnotes":""},"categories":[7],"tags":[],"class_list":["post-8591","post","type-post","status-publish","format-standard","has-post-thumbnail","hentry","category-ecologicas"],"_links":{"self":[{"href":"https:\/\/sertv.gob.pa\/crisolfm\/wp-json\/wp\/v2\/posts\/8591","targetHints":{"allow":["GET"]}}],"collection":[{"href":"https:\/\/sertv.gob.pa\/crisolfm\/wp-json\/wp\/v2\/posts"}],"about":[{"href":"https:\/\/sertv.gob.pa\/crisolfm\/wp-json\/wp\/v2\/types\/post"}],"author":[{"embeddable":true,"href":"https:\/\/sertv.gob.pa\/crisolfm\/wp-json\/wp\/v2\/users\/1"}],"replies":[{"embeddable":true,"href":"https:\/\/sertv.gob.pa\/crisolfm\/wp-json\/wp\/v2\/comments?post=8591"}],"version-history":[{"count":0,"href":"https:\/\/sertv.gob.pa\/crisolfm\/wp-json\/wp\/v2\/posts\/8591\/revisions"}],"wp:featuredmedia":[{"embeddable":true,"href":"https:\/\/sertv.gob.pa\/crisolfm\/wp-json\/wp\/v2\/media\/8592"}],"wp:attachment":[{"href":"https:\/\/sertv.gob.pa\/crisolfm\/wp-json\/wp\/v2\/media?parent=8591"}],"wp:term":[{"taxonomy":"category","embeddable":true,"href":"https:\/\/sertv.gob.pa\/crisolfm\/wp-json\/wp\/v2\/categories?post=8591"},{"taxonomy":"post_tag","embeddable":true,"href":"https:\/\/sertv.gob.pa\/crisolfm\/wp-json\/wp\/v2\/tags?post=8591"}],"curies":[{"name":"wp","href":"https:\/\/api.w.org\/{rel}","templated":true}]}}