{"id":8593,"date":"2017-06-14T15:26:59","date_gmt":"2017-06-14T15:26:59","guid":{"rendered":""},"modified":"2017-06-14T15:26:59","modified_gmt":"2017-06-14T15:26:59","slug":"campana-contra-basura-en-las-playas-2bolsas2minutos","status":"publish","type":"post","link":"https:\/\/sertv.gob.pa\/crisolfm\/campana-contra-basura-en-las-playas-2bolsas2minutos\/","title":{"rendered":"Campa\u00f1a contra basura en las playas \u201c#2bolsas2minutos\u201d"},"content":{"rendered":"<p>\nUn joven paname\u00f1o est\u00e1 a punto de demostrar que con el compromiso voluntario de cada ciudadano dispuesto a dedicar dos minutos de su tiempo pueden limpiarse las playas del pa\u00eds. <\/p>\n<p>Si entre todos las hemos ensuciado, entre todos podemos limpiarlas, parece establecer el reto que ha lanzado en las redes sociales Tom\u00e1s Altamirano, el\u00a0 &ldquo;padre&rdquo; de la campa\u00f1a #2bolsas2minutos para acabar con la basura que se acumula en la costa. <\/p>\n<p>Seg\u00fan su experiencia, acerc\u00e1ndose a cualquier playa, en la ciudad, las islas o en el interior, en solo dos minutos pueden llenarse sin problema 2 bolsas de basura. \u00c9l lo hace poco antes de ir a trabajar con tan solo unos guantes pl\u00e1sticos y repelente de mosquitos. <\/p>\n<p>&lsquo;Desafortunadamente no hay que caminar mucho para recoger basura suficiente como para llenar dos bolsas e incluso m\u00e1s, pero para poder hacerlo con frecuencia y se vean antes los resultados recomiendo limitar el tiempo. Yo me acerco a una playa cerca de donde vivo, y en las dos semanas que van desde que he comenzado ya se nota la diferencia, relata Altamirano, para quien ya ha llegado el momento de actuar. <\/p>\n<p>En su opini\u00f3n, no hay que estar en pol\u00edtica, ni tener dinero ni esperar que sean otros los que lleven la iniciativa. Todos podemos recoger basura, sostiene, tras recomendar que, ya que se puede escoger, se clasifiquen los residuos que se meten en las bolsas&#8230; \u00e9l ha optado por botellas de pl\u00e1stico y luego las lleva a un punto de reciclaje. <\/p>\n<p>&lsquo;No se trata de mover basura de un lado a otro, si la embolsamos separ\u00e1ndola es m\u00e1s f\u00e1cil que se incorpore a la cadena de reciclado y hacemos doble trabajo por el mismo tiempo&#8217;, sostiene. <\/p>\n<p>Para seguir el control de su invitaci\u00f3n ecol\u00f3gica, Altamirano solicita a quienes le sigan que publiquen en sus redes una foto con sus respectivas bolsas e inviten a otros a que sigan el ejemplo. <\/p>\n<p>En su compa\u00f1\u00eda, que se dedica a mercadeo digital y vallas publicitarias, ya han adoptado el eslogan de la campa\u00f1a para promoverla. Es un trabajo al que nadie se puede negar, dice, por un mejor Panam\u00e1. <\/p>\n<p>\u00a0 <\/p>\n","protected":false},"excerpt":{"rendered":"<p>Un joven paname\u00f1o est\u00e1 a punto de demostrar que con <a href=\"https:\/\/sertv.gob.pa\/crisolfm\/campana-contra-basura-en-las-playas-2bolsas2minutos\/\"> [&#8230;]<\/a><\/p>\n","protected":false},"author":1,"featured_media":8594,"comment_status":"closed","ping_status":"closed","sticky":false,"template":"","format":"standard","meta":{"footnotes":""},"categories":[7],"tags":[],"class_list":["post-8593","post","type-post","status-publish","format-standard","has-post-thumbnail","hentry","category-ecologicas"],"_links":{"self":[{"href":"https:\/\/sertv.gob.pa\/crisolfm\/wp-json\/wp\/v2\/posts\/8593","targetHints":{"allow":["GET"]}}],"collection":[{"href":"https:\/\/sertv.gob.pa\/crisolfm\/wp-json\/wp\/v2\/posts"}],"about":[{"href":"https:\/\/sertv.gob.pa\/crisolfm\/wp-json\/wp\/v2\/types\/post"}],"author":[{"embeddable":true,"href":"https:\/\/sertv.gob.pa\/crisolfm\/wp-json\/wp\/v2\/users\/1"}],"replies":[{"embeddable":true,"href":"https:\/\/sertv.gob.pa\/crisolfm\/wp-json\/wp\/v2\/comments?post=8593"}],"version-history":[{"count":0,"href":"https:\/\/sertv.gob.pa\/crisolfm\/wp-json\/wp\/v2\/posts\/8593\/revisions"}],"wp:featuredmedia":[{"embeddable":true,"href":"https:\/\/sertv.gob.pa\/crisolfm\/wp-json\/wp\/v2\/media\/8594"}],"wp:attachment":[{"href":"https:\/\/sertv.gob.pa\/crisolfm\/wp-json\/wp\/v2\/media?parent=8593"}],"wp:term":[{"taxonomy":"category","embeddable":true,"href":"https:\/\/sertv.gob.pa\/crisolfm\/wp-json\/wp\/v2\/categories?post=8593"},{"taxonomy":"post_tag","embeddable":true,"href":"https:\/\/sertv.gob.pa\/crisolfm\/wp-json\/wp\/v2\/tags?post=8593"}],"curies":[{"name":"wp","href":"https:\/\/api.w.org\/{rel}","templated":true}]}}