{"id":8611,"date":"2017-06-20T18:49:23","date_gmt":"2017-06-20T18:49:23","guid":{"rendered":""},"modified":"2017-06-20T18:49:23","modified_gmt":"2017-06-20T18:49:23","slug":"convenio-de-intercambio-firman-miambiente-y-universidad-espanola","status":"publish","type":"post","link":"https:\/\/sertv.gob.pa\/crisolfm\/convenio-de-intercambio-firman-miambiente-y-universidad-espanola\/","title":{"rendered":"Convenio de Intercambio firman MiAmbiente y Universidad Espa\u00f1ola"},"content":{"rendered":"<p>\nUn\u00a0convenio que impulsar\u00e1 la asistencia t\u00e9cnica, el intercambio y desarrollo en \u00e1reas de investigaci\u00f3n, extensi\u00f3n y capacitaci\u00f3n para la transferencia de tecnolog\u00eda sobre cambio clim\u00e1tico, biodiversidad y medio ambiente global, suscribieron recientemente, las autoridades del Ministerio de Ambiente (MiAMBIENTE) y la Universidad Pablo de Olavide, de Sevilla, Espa\u00f1a, en la Embajada del Reino de Espa\u00f1a en Panam\u00e1. <\/p>\n<p>Este convenio, fue suscrito por el Ministro de Ambiente, encargado, Emilio Sempris y Javier Escaleras Reyes, director del Campus de Excelencia Internacional sobre Cambio Clim\u00e1tico, Biodiversidad y Medio Ambiente, en representaci\u00f3n del rector de la Universidad Pablo de Olavide.\u00a0 Para el mismo, se cont\u00f3 con la presencia como testigos de honor del embajador del Reino de Espa\u00f1a en Panam\u00e1, Ram\u00f3n Santos y el expresidente de Panam\u00e1, Aristides Royo S\u00e1nchez. <\/p>\n<p>El acuerdo que tiene un car\u00e1cter marco, busca el desarrollo de actividades conjuntas en el \u00e1rea formativa y de investigaci\u00f3n, as\u00ed como la capacitaci\u00f3n de personal t\u00e9cnico.\u00a0 Incluir\u00e1 el intercambio de especialistas, t\u00e9cnicos, profesores y estudiantes. \u00a0 <\/p>\n<p>Al mismo tiempo, se incluye la transferencia de experiencias, conocimientos, as\u00ed como el desarrollo de proyectos conjuntos vinculados al ambiente y acceso y uso de facilidades f\u00edsicas en ambas entidades como seminarios\u00a0 y cursos sobre adiestramiento e investigaci\u00f3n en \u00e1reas de mutuo inter\u00e9s. <\/p>\n<p>El Ministro Sempris, al hacer uso de la palabra, plante\u00f3 que este acuerdo se plantea como oportunidad para avanzar en la cooperaci\u00f3n entre los distintos actores implicados en el desarrollo de un sector de gran inter\u00e9s, no s\u00f3lo para el impulso de las econom\u00edas locales, sino tambi\u00e9n desde el punto de vista de la sostenibilidad y la conservaci\u00f3n del patrimonio cultural y natural de Panam\u00e1. \u00a0 <\/p>\n<p>De igual forma, el titular de Ambiente se refiri\u00f3 a la agenda ambiental del pa\u00eds y puso como ejemplo el valor que tan s\u00f3lo proveer\u00e1 el sector h\u00eddrico y el Plan Nacional de Seguridad H\u00eddrica en el producto interno bruto por las obras y tecnolog\u00edas.\u00a0 &ldquo;Es por eso que este tipo de acuerdos llenan de esperanza y de tranquilidad del equipo t\u00e9cnico que dejamos aqu\u00ed adem\u00e1s de motivado con las herramientas para ver las estrategias frente el cambio clim\u00e1tico global&rdquo;, sentenci\u00f3. <\/p>\n<p>Por otro lado, el director Escaleras coment\u00f3, que Espa\u00f1a valora el acuerdo por cuanto que la Universidad Pablo de Olavide forma parte de un conjunto de centros acad\u00e9micos que tienen como objetivo impulsar las ciencias ambientales y acercar a los centros acad\u00e9micos de Iberoam\u00e9rica en cuanto a adquirir las competencias que conduzcan un desarrollo mutuo. <\/p>\n<p>Por esa raz\u00f3n, a\u00f1adi\u00f3 el acad\u00e9mico espa\u00f1ol, se propuso un Campus de Excelencia Internacional de Medio Ambiente, Biodiversidad y Cambio Clim\u00e1tico Global para impartir ense\u00f1anzas conducentes a la obtenci\u00f3n de t\u00edtulos y la promoci\u00f3n de actividades que posibiliten el desarrollo de comunidades universitarias en ambos lados del Atl\u00e1ntico.\u00a0 <\/p>\n","protected":false},"excerpt":{"rendered":"<p>Un\u00a0convenio que impulsar\u00e1 la asistencia t\u00e9cnica, el intercambio y desarrollo <a href=\"https:\/\/sertv.gob.pa\/crisolfm\/convenio-de-intercambio-firman-miambiente-y-universidad-espanola\/\"> [&#8230;]<\/a><\/p>\n","protected":false},"author":1,"featured_media":8612,"comment_status":"closed","ping_status":"closed","sticky":false,"template":"","format":"standard","meta":{"footnotes":""},"categories":[7],"tags":[],"class_list":["post-8611","post","type-post","status-publish","format-standard","has-post-thumbnail","hentry","category-ecologicas"],"_links":{"self":[{"href":"https:\/\/sertv.gob.pa\/crisolfm\/wp-json\/wp\/v2\/posts\/8611","targetHints":{"allow":["GET"]}}],"collection":[{"href":"https:\/\/sertv.gob.pa\/crisolfm\/wp-json\/wp\/v2\/posts"}],"about":[{"href":"https:\/\/sertv.gob.pa\/crisolfm\/wp-json\/wp\/v2\/types\/post"}],"author":[{"embeddable":true,"href":"https:\/\/sertv.gob.pa\/crisolfm\/wp-json\/wp\/v2\/users\/1"}],"replies":[{"embeddable":true,"href":"https:\/\/sertv.gob.pa\/crisolfm\/wp-json\/wp\/v2\/comments?post=8611"}],"version-history":[{"count":0,"href":"https:\/\/sertv.gob.pa\/crisolfm\/wp-json\/wp\/v2\/posts\/8611\/revisions"}],"wp:featuredmedia":[{"embeddable":true,"href":"https:\/\/sertv.gob.pa\/crisolfm\/wp-json\/wp\/v2\/media\/8612"}],"wp:attachment":[{"href":"https:\/\/sertv.gob.pa\/crisolfm\/wp-json\/wp\/v2\/media?parent=8611"}],"wp:term":[{"taxonomy":"category","embeddable":true,"href":"https:\/\/sertv.gob.pa\/crisolfm\/wp-json\/wp\/v2\/categories?post=8611"},{"taxonomy":"post_tag","embeddable":true,"href":"https:\/\/sertv.gob.pa\/crisolfm\/wp-json\/wp\/v2\/tags?post=8611"}],"curies":[{"name":"wp","href":"https:\/\/api.w.org\/{rel}","templated":true}]}}