{"id":8619,"date":"2017-06-21T19:10:47","date_gmt":"2017-06-21T19:10:47","guid":{"rendered":""},"modified":"2017-06-21T19:10:47","modified_gmt":"2017-06-21T19:10:47","slug":"ganadora-de-xxv-concurso-de-decimas-ambientales-del-meduca-es-de-colon","status":"publish","type":"post","link":"https:\/\/sertv.gob.pa\/crisolfm\/ganadora-de-xxv-concurso-de-decimas-ambientales-del-meduca-es-de-colon\/","title":{"rendered":"Ganadora de XXV Concurso de D\u00e9cimas Ambientales del MEDUCA es de Col\u00f3n"},"content":{"rendered":"<p>\nCon la participaci\u00f3n de estudiantes de las 16 regiones educativas, la estudiante\u00a0Carmen \u00c1vila de la\u00a0Escuela Primaria de Gatuncillo de la\u00a0Provincia de Col\u00f3n\u00a0recientemente result\u00f3, ganadora del &ldquo; XXV Concurso   Nacional de D\u00e9cimas Ambientales&rdquo;,  el cual estuvo a cargo de representantes de la\u00a0Direcci\u00f3n Nacional de Educaci\u00f3n Ambiental del Ministerio de Educaci\u00f3n, en conmemoraci\u00f3n\u00a0de la Semana Ecol\u00f3gica Nacional. <\/p>\n<p>Mientras que el segundo lugar fue ocupado por Yaritzel Ch\u00e1vez\u00a0de la Escuela Lucas B\u00e1rcenas de la Regi\u00f3n de Panam\u00e1 Oeste, y el tercer\u00a0lugar la estudiante Dayanis Mendoza del C.E.B.G. Sof\u00eda Quiroz de Tejeira perteneciente a la regi\u00f3n de Cocl\u00e9. <\/p>\n<p>Para este a\u00f1o 2017, el concurso llev\u00f3 como lema;\u00a0 &ldquo;Humedales, Motores de la Naturaleza, Fuente de Vida para la Reducci\u00f3n de Desastres&rdquo; , donde todos los concursantes a trav\u00e9s de la d\u00e9cima expresaron lo importante que es la naturaleza, con el fin de no contaminar el ambiente. <\/p>\n<p>El mismo se realiz\u00f3 en el Centro Educativo Jos\u00e9 del Carmen Mej\u00eda situado en la provincia de Dari\u00e9n en el cual participaron estudiantes de IV, V\u00a0y VI grado a nivel nacional y se realiza\u00a0con miras a sensibilizar a la poblaci\u00f3n estudiantil y a la comunidad educativa sobre el valor y la relevancia de la educaci\u00f3n ambiental a trav\u00e9s de la d\u00e9cima cantada. <\/p>\n<p>Carmen \u00c1vila, ganadora del  XXV Concurso de D\u00e9cimas Ambientales,  manifest\u00f3 su alegr\u00eda por salir triunfadora y agradeci\u00f3 a sus compa\u00f1eros de la escuela por el apoyo, adem\u00e1s envi\u00f3 un mensaje a los estudiantes que cuiden la naturaleza que un regalo de Dios. <\/p>\n<p>Para este concurso, el jurado calificador estuvo lo integraron importantes personalidades como: el profesor Ezequiel Cede\u00f1o (folclorista), Donatilo Ballesteros (m\u00fasico y folclorista), entre otros. <\/p>\n","protected":false},"excerpt":{"rendered":"<p>Con la participaci\u00f3n de estudiantes de las 16 regiones educativas, <a href=\"https:\/\/sertv.gob.pa\/crisolfm\/ganadora-de-xxv-concurso-de-decimas-ambientales-del-meduca-es-de-colon\/\"> [&#8230;]<\/a><\/p>\n","protected":false},"author":1,"featured_media":8620,"comment_status":"closed","ping_status":"closed","sticky":false,"template":"","format":"standard","meta":{"footnotes":""},"categories":[7],"tags":[],"class_list":["post-8619","post","type-post","status-publish","format-standard","has-post-thumbnail","hentry","category-ecologicas"],"_links":{"self":[{"href":"https:\/\/sertv.gob.pa\/crisolfm\/wp-json\/wp\/v2\/posts\/8619","targetHints":{"allow":["GET"]}}],"collection":[{"href":"https:\/\/sertv.gob.pa\/crisolfm\/wp-json\/wp\/v2\/posts"}],"about":[{"href":"https:\/\/sertv.gob.pa\/crisolfm\/wp-json\/wp\/v2\/types\/post"}],"author":[{"embeddable":true,"href":"https:\/\/sertv.gob.pa\/crisolfm\/wp-json\/wp\/v2\/users\/1"}],"replies":[{"embeddable":true,"href":"https:\/\/sertv.gob.pa\/crisolfm\/wp-json\/wp\/v2\/comments?post=8619"}],"version-history":[{"count":0,"href":"https:\/\/sertv.gob.pa\/crisolfm\/wp-json\/wp\/v2\/posts\/8619\/revisions"}],"wp:featuredmedia":[{"embeddable":true,"href":"https:\/\/sertv.gob.pa\/crisolfm\/wp-json\/wp\/v2\/media\/8620"}],"wp:attachment":[{"href":"https:\/\/sertv.gob.pa\/crisolfm\/wp-json\/wp\/v2\/media?parent=8619"}],"wp:term":[{"taxonomy":"category","embeddable":true,"href":"https:\/\/sertv.gob.pa\/crisolfm\/wp-json\/wp\/v2\/categories?post=8619"},{"taxonomy":"post_tag","embeddable":true,"href":"https:\/\/sertv.gob.pa\/crisolfm\/wp-json\/wp\/v2\/tags?post=8619"}],"curies":[{"name":"wp","href":"https:\/\/api.w.org\/{rel}","templated":true}]}}