{"id":8627,"date":"2017-06-26T13:33:30","date_gmt":"2017-06-26T13:33:30","guid":{"rendered":""},"modified":"2017-06-26T13:33:30","modified_gmt":"2017-06-26T13:33:30","slug":"panama-busca-rescatar-zonas-verdes-con-jornadas-de-reforestacion","status":"publish","type":"post","link":"https:\/\/sertv.gob.pa\/crisolfm\/panama-busca-rescatar-zonas-verdes-con-jornadas-de-reforestacion\/","title":{"rendered":"Panam\u00e1 busca rescatar zonas verdes con jornadas de reforestaci\u00f3n"},"content":{"rendered":"<p>\n\u00a0 <\/p>\n<p>M\u00e1s de 70 mil plantones de \u00e1rboles en 100 hect\u00e1reas a nivel nacional fueron plantados el s\u00e1bado, 24 de junio, del presente a\u00f1o, durante la  tercera jornada de reforestaci\u00f3n , actividad en la cual el presidente de la Rep\u00fablica de Panam\u00e1, Juan Carlos Varela, firm\u00f3 el Decreto que designa al cuarto s\u00e1bado de junio de cada a\u00f1o como  &ldquo;D\u00eda Nacional de Reforestaci\u00f3n&rdquo;.  <\/p>\n<p>Esta actividad y la firma del decreto, forman parte del compromiso que tiene la presente Administraci\u00f3n con la conservaci\u00f3n del medio ambiente, y con la esperanza de rescatar zonas verdes como es el caso de Cerro Galera, Arraij\u00e1n, punto central de esta jornada en donde anticipadamente \u00a0incluy\u00f3 un plan humanitario reubicando a 200 familias de un \u00e1rea en riesgo a viviendas seguras. <\/p>\n<p>&ldquo;Las familias que aqu\u00ed viv\u00edan en riesgo ahora residir\u00e1n en casas dignas; la operaci\u00f3n humanitaria Cerro Galera queda como un ejemplo de poner los intereses del Pueblo siempre por delante&rdquo;, recalc\u00f3 el Mandatario. <\/p>\n<p>El presidente Varela, estuvo junto a miembros de su equipo en Cerro Galera, distrito de Arraij\u00e1n, el cual \u00a0se convertir\u00e1 en la  &ldquo;Esperanza Verde&rdquo;  como parte del compromiso de la \u00a0reforestaci\u00f3n de un mill\u00f3n de hect\u00e1reas en 20 a\u00f1os. <\/p>\n<p>&ldquo;Este proyecto de reforestaci\u00f3n es parte de los compromisos de mitigaci\u00f3n del cambio clim\u00e1tico que present\u00f3 Panam\u00e1 a Naciones Unidas y que es parte de las iniciativas presentadas en el COP 21 en la Conferencia Clim\u00e1tica de Par\u00eds&rdquo;, adicion\u00f3 el Gobernante. <\/p>\n<p>Asimismo record\u00f3, que ya fue aprobada la Estrategia Nacional de Cambio Clim\u00e1tico que conjuntamente con el Plan Nacional de Rescate del Agro, el Plan de Sanidad B\u00e1sica y el Plan Nacional de Seguridad H\u00eddrica 2015-2050, mejorar\u00e1n la calidad de vida en las futuras generaciones. <\/p>\n<p>&ldquo;Cada \u00e1rbol que plantamos hoy contribuye tambi\u00e9n a la meta global que, como humanidad hemos trazado en el Bonn Challenge de restaurar 150 millones de hect\u00e1reas de bosques y suelos degradados a nivel global para el 2020&rdquo;, reiter\u00f3 el jefe del Ejecutivo. <\/p>\n<p>Con la siembra de \u00e1rboles, la cual lleva a una conservaci\u00f3n de bosques se podr\u00e1 asegurar un futuro mejor a cada uno de los residentes del pa\u00eds, coment\u00f3 por su lado Emilio Sempris, ministro encargado de Ambiente, organizador del evento. \u00a0 <\/p>\n<p>Para esta acci\u00f3n se cont\u00f3 igualmente, con la presencia en Cerro Galera, de \u00a0los ministros Mario Etchelecu (Vivienda), Ram\u00f3n Arosemena (Obras P\u00fablicas), Eduardo Carles (Desarrollo Agropecuario). El resto del equipo de Gabinete, se distribuy\u00f3 en distintas provincias.\u00a0 <\/p>\n<p>Cabe enfatizar, que en esta jornada, que se llev\u00f3 a la pr\u00e1ctica de modo simult\u00e1neo en m\u00e1s de 23 puntos en todo Panam\u00e1, participaron m\u00e1s de 20 mil voluntarios y delegaciones institucionales, organizaciones no gubernamentales, miembros del sector privado y gestores por la Alianza por el Mill\u00f3n de Hect\u00e1reas Reforestadas, quienes se han sumado \u00a0a este compromiso del pa\u00eds por la reforestaci\u00f3n. <\/p>\n","protected":false},"excerpt":{"rendered":"<p>\u00a0 M\u00e1s de 70 mil plantones de \u00e1rboles en 100 <a href=\"https:\/\/sertv.gob.pa\/crisolfm\/panama-busca-rescatar-zonas-verdes-con-jornadas-de-reforestacion\/\"> [&#8230;]<\/a><\/p>\n","protected":false},"author":1,"featured_media":8628,"comment_status":"closed","ping_status":"closed","sticky":false,"template":"","format":"standard","meta":{"footnotes":""},"categories":[7],"tags":[],"class_list":["post-8627","post","type-post","status-publish","format-standard","has-post-thumbnail","hentry","category-ecologicas"],"_links":{"self":[{"href":"https:\/\/sertv.gob.pa\/crisolfm\/wp-json\/wp\/v2\/posts\/8627","targetHints":{"allow":["GET"]}}],"collection":[{"href":"https:\/\/sertv.gob.pa\/crisolfm\/wp-json\/wp\/v2\/posts"}],"about":[{"href":"https:\/\/sertv.gob.pa\/crisolfm\/wp-json\/wp\/v2\/types\/post"}],"author":[{"embeddable":true,"href":"https:\/\/sertv.gob.pa\/crisolfm\/wp-json\/wp\/v2\/users\/1"}],"replies":[{"embeddable":true,"href":"https:\/\/sertv.gob.pa\/crisolfm\/wp-json\/wp\/v2\/comments?post=8627"}],"version-history":[{"count":0,"href":"https:\/\/sertv.gob.pa\/crisolfm\/wp-json\/wp\/v2\/posts\/8627\/revisions"}],"wp:featuredmedia":[{"embeddable":true,"href":"https:\/\/sertv.gob.pa\/crisolfm\/wp-json\/wp\/v2\/media\/8628"}],"wp:attachment":[{"href":"https:\/\/sertv.gob.pa\/crisolfm\/wp-json\/wp\/v2\/media?parent=8627"}],"wp:term":[{"taxonomy":"category","embeddable":true,"href":"https:\/\/sertv.gob.pa\/crisolfm\/wp-json\/wp\/v2\/categories?post=8627"},{"taxonomy":"post_tag","embeddable":true,"href":"https:\/\/sertv.gob.pa\/crisolfm\/wp-json\/wp\/v2\/tags?post=8627"}],"curies":[{"name":"wp","href":"https:\/\/api.w.org\/{rel}","templated":true}]}}