{"id":8629,"date":"2017-06-26T19:30:01","date_gmt":"2017-06-26T19:30:01","guid":{"rendered":""},"modified":"2017-06-26T19:30:01","modified_gmt":"2017-06-26T19:30:01","slug":"mida-y-miambiente-unidos-en-favor-de-la-naturaleza-en-veraguas","status":"publish","type":"post","link":"https:\/\/sertv.gob.pa\/crisolfm\/mida-y-miambiente-unidos-en-favor-de-la-naturaleza-en-veraguas\/","title":{"rendered":"MIDA y MiAmbiente unidos en favor de la naturaleza en Veraguas"},"content":{"rendered":"<p>\nRepresentantes del  Ministerio de Desarrollo Agropecuario  (MIDA), regional de Veraguas, en conjunto con  Mi Ambiente  participaron de una actividad denominada  &ldquo;Estoy con la Naturaleza&rdquo;,  evento que se efectu\u00f3 en fecha reciente. <\/p>\n<p>Con esta feria educativa, se concientiza sobre la importancia de los bosques y su preservaci\u00f3n en el entorno ambiental y nos permite tener un desarrollo sostenible m\u00e1s sano y amigable con la realizaci\u00f3n de nuestras actividades y propiciar la econom\u00eda familiar y ambiental. <\/p>\n<p>Cabe se\u00f1alar, que en este evento familiar, educativo e institucional se resaltaron t\u00f3picos tales como: reforestaci\u00f3n, reciclaje, agricultura periurbana y artesan\u00eda familiar, los cuales contribuyen a recalcar los acuerdos del 12 de diciembre del 2015, donde todos los pa\u00edses se comprometieron a trabajar para limitar el aumento de la temperatura global por debajo de 2 grados cent\u00edgrados, dado los graves riesgos que ello implica, por lo que se propicia lograr que sean menos de 1,5 grados cent\u00edgrados para alcanzar una armon\u00eda con el ambiente.\u00a0 <\/p>\n","protected":false},"excerpt":{"rendered":"<p>Representantes del Ministerio de Desarrollo Agropecuario (MIDA), regional de Veraguas, <a href=\"https:\/\/sertv.gob.pa\/crisolfm\/mida-y-miambiente-unidos-en-favor-de-la-naturaleza-en-veraguas\/\"> [&#8230;]<\/a><\/p>\n","protected":false},"author":1,"featured_media":8630,"comment_status":"closed","ping_status":"closed","sticky":false,"template":"","format":"standard","meta":{"footnotes":""},"categories":[7],"tags":[],"class_list":["post-8629","post","type-post","status-publish","format-standard","has-post-thumbnail","hentry","category-ecologicas"],"_links":{"self":[{"href":"https:\/\/sertv.gob.pa\/crisolfm\/wp-json\/wp\/v2\/posts\/8629","targetHints":{"allow":["GET"]}}],"collection":[{"href":"https:\/\/sertv.gob.pa\/crisolfm\/wp-json\/wp\/v2\/posts"}],"about":[{"href":"https:\/\/sertv.gob.pa\/crisolfm\/wp-json\/wp\/v2\/types\/post"}],"author":[{"embeddable":true,"href":"https:\/\/sertv.gob.pa\/crisolfm\/wp-json\/wp\/v2\/users\/1"}],"replies":[{"embeddable":true,"href":"https:\/\/sertv.gob.pa\/crisolfm\/wp-json\/wp\/v2\/comments?post=8629"}],"version-history":[{"count":0,"href":"https:\/\/sertv.gob.pa\/crisolfm\/wp-json\/wp\/v2\/posts\/8629\/revisions"}],"wp:featuredmedia":[{"embeddable":true,"href":"https:\/\/sertv.gob.pa\/crisolfm\/wp-json\/wp\/v2\/media\/8630"}],"wp:attachment":[{"href":"https:\/\/sertv.gob.pa\/crisolfm\/wp-json\/wp\/v2\/media?parent=8629"}],"wp:term":[{"taxonomy":"category","embeddable":true,"href":"https:\/\/sertv.gob.pa\/crisolfm\/wp-json\/wp\/v2\/categories?post=8629"},{"taxonomy":"post_tag","embeddable":true,"href":"https:\/\/sertv.gob.pa\/crisolfm\/wp-json\/wp\/v2\/tags?post=8629"}],"curies":[{"name":"wp","href":"https:\/\/api.w.org\/{rel}","templated":true}]}}