{"id":8661,"date":"2017-07-06T16:12:26","date_gmt":"2017-07-06T16:12:26","guid":{"rendered":""},"modified":"2017-07-06T16:12:26","modified_gmt":"2017-07-06T16:12:26","slug":"mida-presento-proyecto-de-red-climatica-y-calidad-del-agua-en-los-santos","status":"publish","type":"post","link":"https:\/\/sertv.gob.pa\/crisolfm\/mida-presento-proyecto-de-red-climatica-y-calidad-del-agua-en-los-santos\/","title":{"rendered":"MIDA present\u00f3 Proyecto de red clim\u00e1tica y calidad del agua en Los Santos"},"content":{"rendered":"<p>\nEn el Ministerio de Desarrollo Agropecuario(MIDA) de Los Santos, se llev\u00f3 a cabo la presentaci\u00f3n del proyecto  &ldquo;Red clim\u00e1tica y calidad de   agua en dos subcuencas de Los Santos&rdquo;,  el cual fue creado por el Instituto de Investigaci\u00f3n Agropecuaria (IDIAP) y financiado por la minera Cerro Quema.\u00a0 <\/p>\n<p>El prop\u00f3sito del proyecto se fundamenta en contribuir con indicadores clim\u00e1ticos y de aguas claves, que sustenten informaci\u00f3n veraz y confiable, para el dise\u00f1o y construcci\u00f3n de escenarios futuros, en el ordenamiento y las zonificaciones agropecuarias de Azuero.\u00a0 <\/p>\n<p>Para esta actividad, se cont\u00f3 con la presencia del Director Regional del MIDA Los Santos, Ing. Rodrigo Vega, quien habl\u00f3 sobre el cambio clim\u00e1tico y su efecto hacia las sociedades por sus m\u00faltiples impactos previstos en la poblaci\u00f3n, al igual que en el sector agropecuario. Igualmente concurri\u00f3, el Ing. Jorge Castro, Director Regional del IDIAP y t\u00e9cnicos de estas instituciones, as\u00ed como tambi\u00e9n del IMA, ISA, MI AMBIENTE y productores de la regi\u00f3n.\u00a0<br \/>\n\u00a0\u00a0 <\/p>\n","protected":false},"excerpt":{"rendered":"<p>En el Ministerio de Desarrollo Agropecuario(MIDA) de Los Santos, se <a href=\"https:\/\/sertv.gob.pa\/crisolfm\/mida-presento-proyecto-de-red-climatica-y-calidad-del-agua-en-los-santos\/\"> [&#8230;]<\/a><\/p>\n","protected":false},"author":1,"featured_media":8662,"comment_status":"closed","ping_status":"closed","sticky":false,"template":"","format":"standard","meta":{"footnotes":""},"categories":[7],"tags":[],"class_list":["post-8661","post","type-post","status-publish","format-standard","has-post-thumbnail","hentry","category-ecologicas"],"_links":{"self":[{"href":"https:\/\/sertv.gob.pa\/crisolfm\/wp-json\/wp\/v2\/posts\/8661","targetHints":{"allow":["GET"]}}],"collection":[{"href":"https:\/\/sertv.gob.pa\/crisolfm\/wp-json\/wp\/v2\/posts"}],"about":[{"href":"https:\/\/sertv.gob.pa\/crisolfm\/wp-json\/wp\/v2\/types\/post"}],"author":[{"embeddable":true,"href":"https:\/\/sertv.gob.pa\/crisolfm\/wp-json\/wp\/v2\/users\/1"}],"replies":[{"embeddable":true,"href":"https:\/\/sertv.gob.pa\/crisolfm\/wp-json\/wp\/v2\/comments?post=8661"}],"version-history":[{"count":0,"href":"https:\/\/sertv.gob.pa\/crisolfm\/wp-json\/wp\/v2\/posts\/8661\/revisions"}],"wp:featuredmedia":[{"embeddable":true,"href":"https:\/\/sertv.gob.pa\/crisolfm\/wp-json\/wp\/v2\/media\/8662"}],"wp:attachment":[{"href":"https:\/\/sertv.gob.pa\/crisolfm\/wp-json\/wp\/v2\/media?parent=8661"}],"wp:term":[{"taxonomy":"category","embeddable":true,"href":"https:\/\/sertv.gob.pa\/crisolfm\/wp-json\/wp\/v2\/categories?post=8661"},{"taxonomy":"post_tag","embeddable":true,"href":"https:\/\/sertv.gob.pa\/crisolfm\/wp-json\/wp\/v2\/tags?post=8661"}],"curies":[{"name":"wp","href":"https:\/\/api.w.org\/{rel}","templated":true}]}}