{"id":8679,"date":"2017-07-11T15:10:14","date_gmt":"2017-07-11T15:10:14","guid":{"rendered":""},"modified":"2017-07-11T15:10:14","modified_gmt":"2017-07-11T15:10:14","slug":"arranco-siembra-de-arboles-en-la-revitalizacion-de-via-argentina","status":"publish","type":"post","link":"https:\/\/sertv.gob.pa\/crisolfm\/arranco-siembra-de-arboles-en-la-revitalizacion-de-via-argentina\/","title":{"rendered":"Arranc\u00f3 siembra de \u00e1rboles en la revitalizaci\u00f3n de V\u00eda Argentina"},"content":{"rendered":"<p>\nCon la siembra de 10 \u00e1rboles en el tramo 1 de los trabajos de revitalizaci\u00f3n que se llevaron a cabo, en la V\u00eda Argentina, la Alcald\u00eda de Panam\u00e1 dio comienzo al reemplazo de las 27 Palmas Reales que fueron removidas del \u00e1rea de servidumbre recientemente. <\/p>\n<p>Las palmeras, que son reemplazadas por el tipo de arbolado acorde con el entorno urbano, tienen unos 50 a\u00f1os, su altura alcanza los 30 o 40 metros y muchas de ellas estaban sembradas sobre aceras e islotes. Esta especie tiene un per\u00edodo de vida de aproximadamente 60 a\u00f1os. <\/p>\n<p>La direcci\u00f3n de Gesti\u00f3n Ambiental del MUPA, efectu\u00f3 una inspecci\u00f3n t\u00e9cnica a fin de comprobar las generales y condiciones de las palmas. <\/p>\n<p>El proceso de remoci\u00f3n se tiene estipulado realizar en 8 tramos, comenzando en el tramo que colinda con la Universidad de Panam\u00e1, hasta concluir en el punto que da con la V\u00eda Espa\u00f1a. <\/p>\n<p>Las especies Reina Isabel, Copete, Acacia Dorada, Tamarindo Manila, Flamboyan y Jacaranda, escogidas para la reforestaci\u00f3n son producto de una larga discusi\u00f3n y consulta entre los paisajistas de la empresa constructora y los ingenieros forestales de la Alcald\u00eda de Panam\u00e1. Estos \u00e1rboles de calle van a contribuir con el medio ambiente y el embellecimiento del sector, propiciando un entorno amigable que responde a la necesidad de la movilidad urbana. <\/p>\n<p>Cabe se\u00f1alar, que en toda V\u00eda Argentina, la Alcald\u00eda de Panam\u00e1, va a sembrar un total de 376 \u00e1rboles que se suman a los que existen al presente. <\/p>\n","protected":false},"excerpt":{"rendered":"<p>Con la siembra de 10 \u00e1rboles en el tramo 1 <a href=\"https:\/\/sertv.gob.pa\/crisolfm\/arranco-siembra-de-arboles-en-la-revitalizacion-de-via-argentina\/\"> [&#8230;]<\/a><\/p>\n","protected":false},"author":1,"featured_media":8680,"comment_status":"closed","ping_status":"closed","sticky":false,"template":"","format":"standard","meta":{"footnotes":""},"categories":[7],"tags":[],"class_list":["post-8679","post","type-post","status-publish","format-standard","has-post-thumbnail","hentry","category-ecologicas"],"_links":{"self":[{"href":"https:\/\/sertv.gob.pa\/crisolfm\/wp-json\/wp\/v2\/posts\/8679","targetHints":{"allow":["GET"]}}],"collection":[{"href":"https:\/\/sertv.gob.pa\/crisolfm\/wp-json\/wp\/v2\/posts"}],"about":[{"href":"https:\/\/sertv.gob.pa\/crisolfm\/wp-json\/wp\/v2\/types\/post"}],"author":[{"embeddable":true,"href":"https:\/\/sertv.gob.pa\/crisolfm\/wp-json\/wp\/v2\/users\/1"}],"replies":[{"embeddable":true,"href":"https:\/\/sertv.gob.pa\/crisolfm\/wp-json\/wp\/v2\/comments?post=8679"}],"version-history":[{"count":0,"href":"https:\/\/sertv.gob.pa\/crisolfm\/wp-json\/wp\/v2\/posts\/8679\/revisions"}],"wp:featuredmedia":[{"embeddable":true,"href":"https:\/\/sertv.gob.pa\/crisolfm\/wp-json\/wp\/v2\/media\/8680"}],"wp:attachment":[{"href":"https:\/\/sertv.gob.pa\/crisolfm\/wp-json\/wp\/v2\/media?parent=8679"}],"wp:term":[{"taxonomy":"category","embeddable":true,"href":"https:\/\/sertv.gob.pa\/crisolfm\/wp-json\/wp\/v2\/categories?post=8679"},{"taxonomy":"post_tag","embeddable":true,"href":"https:\/\/sertv.gob.pa\/crisolfm\/wp-json\/wp\/v2\/tags?post=8679"}],"curies":[{"name":"wp","href":"https:\/\/api.w.org\/{rel}","templated":true}]}}