{"id":8683,"date":"2017-07-13T16:19:52","date_gmt":"2017-07-13T16:19:52","guid":{"rendered":""},"modified":"2017-07-13T16:19:52","modified_gmt":"2017-07-13T16:19:52","slug":"entrenamiento-interinstitucional-sobre-varamiento-de-especies-marinas","status":"publish","type":"post","link":"https:\/\/sertv.gob.pa\/crisolfm\/entrenamiento-interinstitucional-sobre-varamiento-de-especies-marinas\/","title":{"rendered":"Entrenamiento Interinstitucional sobre varamiento de especies marinas"},"content":{"rendered":"<p>\nFuncionarios de diversas entidades, organizaciones, universidades y servicios policiales, dieron comienzo a partir del mi\u00e9rcoles, 12 de julio, de un taller referente a los procedimientos para rescate, toma de muestras, necropsias y diagn\u00f3stico de enfermedades en mam\u00edferos marinos encallados. <\/p>\n<p>Este taller, es desarrollado por el Ministerio de Ambiente (MiAMBIENTE) y\u00a0 la Universidad Mar\u00edtima de Panam\u00e1 (UMIP), con el apoyo del Programa de las Naciones Unidas para el Desarrollo (PNUD) y durar\u00e1 hasta el viernes, 14 de julio, con la finalidad de entrenar a funcionarios, personal t\u00e9cnico, m\u00e9dicos y bi\u00f3logos marinos. <\/p>\n<p>El objetivo de esta actividad, es suministrar entrenamiento a los participantes en el cumplimiento del protocolo y procedimiento\u00a0 de atenci\u00f3n de encallamiento y diagn\u00f3stico oportunos asociados para contar con personal capacitado para lograr conformar una red de colaboraci\u00f3n a investigadores a fin de atender casos de esta \u00edndole en el pa\u00eds, en v\u00edas de promover la conservaci\u00f3n y el uso sostenible de estas especies. <\/p>\n<p>En la inauguraci\u00f3n, la cual tuvo como sede las instalaciones de la Facultad de Ciencias del Mar de UMIP, estuvieron presentes, Eduardo Polo, director de Costas y Mares de MiAMBIENTE, Beatriz Medina, directora de la Escuela de Recursos Marinos y Ambientales de la UMIP, Zamira N\u00e1der, secretaria general de la Asociaci\u00f3n Paname\u00f1a de M\u00e9dicos Veterinarios. <\/p>\n<p>Sobre el particular, el director de Costas y Mares de MiAMBIENTE, Polo, explic\u00f3, que se trabaja para definir lineamientos en casos de varamientos de\u00a0 mam\u00edferos marinos y que ser\u00eda una oportunidad para establecer y oficializar una norma que establezca procedimiento a seguir y trabajar en este tipo de accidentes que evite riesgos para la salud p\u00fablica. <\/p>\n<p>Igualmente, resalt\u00f3 la importancia de los procedimientos a seguir en caso de enmalle de mam\u00edferos marinos a causa de la existencia de redes fantasmas (de pesca que se abandonan en las aguas costeras).\u00a0 \u00a0<br \/>\n\u00a0 \u00a0<br \/>\nEn el programa del taller, se contemplan aspectos como biolog\u00eda e identificaci\u00f3n de cet\u00e1ceos; buenas pr\u00e1cticas de avistamiento; legislaci\u00f3n; artes de pesca e interacci\u00f3n con mam\u00edferos marinos; manejo de cet\u00e1ceos encallados; bruscelosis marina y situaci\u00f3n en Costa Rica; mortalidades inusuales y desaf\u00edos en la salud de los cet\u00e1ceos en la actualidad; necropsia y recolecci\u00f3n de muestras de individuos y pr\u00e1cticas de necropsia. <\/p>\n<p>En este taller, participan las doctoras Gabriela Hern\u00e1ndez Mora y Roc\u00edo Gonz\u00e1lez Barrientos, del Servicio Nacional de Salud Animal de Costa Rica, quienes junto a Lissette Trejos de la Direcci\u00f3n de Costas y Mares, coordinar\u00e1n las pr\u00e1cticas de necropsia de un delf\u00edn, tipo nariz de botella.<br \/>\n\u00a0<br \/>\nEs importante enfatizar que esta actividad, intenta fortalecer la capacidad de respuesta interinstitucional y la atenci\u00f3n oportuna de varamientos y accidentes que ocurra en el Corredor Marino de Panam\u00e1 para la protecci\u00f3n de mam\u00edferos marinos en el contexto de la ley 13 de 2005. <\/p>\n<p>\u00a0 <\/p>\n","protected":false},"excerpt":{"rendered":"<p>Funcionarios de diversas entidades, organizaciones, universidades y servicios policiales, dieron <a href=\"https:\/\/sertv.gob.pa\/crisolfm\/entrenamiento-interinstitucional-sobre-varamiento-de-especies-marinas\/\"> [&#8230;]<\/a><\/p>\n","protected":false},"author":1,"featured_media":8684,"comment_status":"closed","ping_status":"closed","sticky":false,"template":"","format":"standard","meta":{"footnotes":""},"categories":[7],"tags":[],"class_list":["post-8683","post","type-post","status-publish","format-standard","has-post-thumbnail","hentry","category-ecologicas"],"_links":{"self":[{"href":"https:\/\/sertv.gob.pa\/crisolfm\/wp-json\/wp\/v2\/posts\/8683","targetHints":{"allow":["GET"]}}],"collection":[{"href":"https:\/\/sertv.gob.pa\/crisolfm\/wp-json\/wp\/v2\/posts"}],"about":[{"href":"https:\/\/sertv.gob.pa\/crisolfm\/wp-json\/wp\/v2\/types\/post"}],"author":[{"embeddable":true,"href":"https:\/\/sertv.gob.pa\/crisolfm\/wp-json\/wp\/v2\/users\/1"}],"replies":[{"embeddable":true,"href":"https:\/\/sertv.gob.pa\/crisolfm\/wp-json\/wp\/v2\/comments?post=8683"}],"version-history":[{"count":0,"href":"https:\/\/sertv.gob.pa\/crisolfm\/wp-json\/wp\/v2\/posts\/8683\/revisions"}],"wp:featuredmedia":[{"embeddable":true,"href":"https:\/\/sertv.gob.pa\/crisolfm\/wp-json\/wp\/v2\/media\/8684"}],"wp:attachment":[{"href":"https:\/\/sertv.gob.pa\/crisolfm\/wp-json\/wp\/v2\/media?parent=8683"}],"wp:term":[{"taxonomy":"category","embeddable":true,"href":"https:\/\/sertv.gob.pa\/crisolfm\/wp-json\/wp\/v2\/categories?post=8683"},{"taxonomy":"post_tag","embeddable":true,"href":"https:\/\/sertv.gob.pa\/crisolfm\/wp-json\/wp\/v2\/tags?post=8683"}],"curies":[{"name":"wp","href":"https:\/\/api.w.org\/{rel}","templated":true}]}}