{"id":8691,"date":"2017-07-14T15:58:39","date_gmt":"2017-07-14T15:58:39","guid":{"rendered":""},"modified":"2017-07-14T15:58:39","modified_gmt":"2017-07-14T15:58:39","slug":"sector-agropecuario-tema-para-la-parada-de-las-flores-en-chiriqui","status":"publish","type":"post","link":"https:\/\/sertv.gob.pa\/crisolfm\/sector-agropecuario-tema-para-la-parada-de-las-flores-en-chiriqui\/","title":{"rendered":"Sector Agropecuario, tema para la Parada de las Flores, en Chiriqu\u00ed"},"content":{"rendered":"<p>\n &ldquo;La Parada de las Flores&rdquo;, evento que se efectuar\u00e1 del 15 al 17 de   septiembre de 2017 en Volc\u00e1n, distrito de Tierras Altas , tendr\u00e1 como tema principal el  \u00absector agropecuario\u00bb,  en honor a los productores de la zona y a su principal actividad econ\u00f3mica: la agricultura.\u00a0 <\/p>\n<p>As\u00ed lo ratificaron dirigentes de esta Fundaci\u00f3n durante un encuentro con autoridades del Ministerio de Desarrollo Agropecuario Regi\u00f3n N\u00ba1, Chiriqu\u00ed, en los predios del Colegio San Benito, que este a\u00f1o en reconocimiento a su aporte a la producci\u00f3n agropecuaria y a la educaci\u00f3n nacional, fue seleccionado como sede de esta importante actividad. <\/p>\n<p> &ldquo;La Parada de las Flores&rdquo;,  es un evento que resalta la gran variedad de flores que se produce y crecen de forma natural en esta zona de la provincia y que sus moradores manifiestan a trav\u00e9s del desfile de carrozas, las exposiciones florales, los atractivos concursos y los eventos ecuestres.\u00a0 <\/p>\n<p>Acorde con el presidente de la organizaci\u00f3n, Jorge Cede\u00f1o, este a\u00f1o por primera vez se efectuar\u00e1 un desfile de autom\u00f3viles antiguos, incluyendo tractores y equipos utilizados en las labores agr\u00edcolas. Presente estuvo el director regional del MIDA, Rolando Guerrero; el Coordinador de Agricultura, Franklin Concepci\u00f3n y el Jefe de la agencia del MIDA de Volc\u00e1n, Daniel Aguilar. <\/p>\n","protected":false},"excerpt":{"rendered":"<p>&ldquo;La Parada de las Flores&rdquo;, evento que se efectuar\u00e1 del <a href=\"https:\/\/sertv.gob.pa\/crisolfm\/sector-agropecuario-tema-para-la-parada-de-las-flores-en-chiriqui\/\"> [&#8230;]<\/a><\/p>\n","protected":false},"author":1,"featured_media":8692,"comment_status":"closed","ping_status":"closed","sticky":false,"template":"","format":"standard","meta":{"footnotes":""},"categories":[7],"tags":[],"class_list":["post-8691","post","type-post","status-publish","format-standard","has-post-thumbnail","hentry","category-ecologicas"],"_links":{"self":[{"href":"https:\/\/sertv.gob.pa\/crisolfm\/wp-json\/wp\/v2\/posts\/8691","targetHints":{"allow":["GET"]}}],"collection":[{"href":"https:\/\/sertv.gob.pa\/crisolfm\/wp-json\/wp\/v2\/posts"}],"about":[{"href":"https:\/\/sertv.gob.pa\/crisolfm\/wp-json\/wp\/v2\/types\/post"}],"author":[{"embeddable":true,"href":"https:\/\/sertv.gob.pa\/crisolfm\/wp-json\/wp\/v2\/users\/1"}],"replies":[{"embeddable":true,"href":"https:\/\/sertv.gob.pa\/crisolfm\/wp-json\/wp\/v2\/comments?post=8691"}],"version-history":[{"count":0,"href":"https:\/\/sertv.gob.pa\/crisolfm\/wp-json\/wp\/v2\/posts\/8691\/revisions"}],"wp:featuredmedia":[{"embeddable":true,"href":"https:\/\/sertv.gob.pa\/crisolfm\/wp-json\/wp\/v2\/media\/8692"}],"wp:attachment":[{"href":"https:\/\/sertv.gob.pa\/crisolfm\/wp-json\/wp\/v2\/media?parent=8691"}],"wp:term":[{"taxonomy":"category","embeddable":true,"href":"https:\/\/sertv.gob.pa\/crisolfm\/wp-json\/wp\/v2\/categories?post=8691"},{"taxonomy":"post_tag","embeddable":true,"href":"https:\/\/sertv.gob.pa\/crisolfm\/wp-json\/wp\/v2\/tags?post=8691"}],"curies":[{"name":"wp","href":"https:\/\/api.w.org\/{rel}","templated":true}]}}