{"id":8711,"date":"2017-07-18T15:17:56","date_gmt":"2017-07-18T15:17:56","guid":{"rendered":""},"modified":"2017-07-18T15:17:56","modified_gmt":"2017-07-18T15:17:56","slug":"jornada-de-esterilizacion-de-mascotas-en-chilibre","status":"publish","type":"post","link":"https:\/\/sertv.gob.pa\/crisolfm\/jornada-de-esterilizacion-de-mascotas-en-chilibre\/","title":{"rendered":"Jornada de esterilizaci\u00f3n de mascotas en Chilibre"},"content":{"rendered":"<p>\nLa fundaci\u00f3n San Francisco de As\u00eds (Fundasis) y la Alcald\u00eda de Panam\u00e1 llevaran a cabo una jornada de esterilizaci\u00f3n de mascotas a bajo costo en el sector de Caimitillo de Chilibre este domingo 23 de julio. <\/p>\n<p>La jornada comenzar\u00e1 a partir de las 7:00 a.m. hasta las 12:00 mediod\u00eda y los organizadores informan que los cupos son limitados y se atender\u00e1 por orden de llegada.\u00a0 <\/p>\n<p>Se le recuerda al p\u00fablico que los canes deben venir con collar y correa. Los gatos deben venir dentro de una funda de almohada amarrada arriba para que no se salgan o en una gatera. <\/p>\n<p>La alcald\u00eda de Panam\u00e1 en conjunto con Fundasis y Spay Panam\u00e1, han esterilizado a m\u00e1s de 23 mil. <\/p>\n<p>Estas jornadas de esterilizaci\u00f3n tiene como fin evitar el abandono de perros y gatos, as\u00ed como disminuir la presencia de perros y gatos en las calles de la ciudad, mediante el programa de esterilizaci\u00f3n que frena el nacimiento de nuevas camadas de estas especies en soltura. <\/p>\n<p>Los Sectores que se han benficiado con este proyecto son: \u00a0Chilibre, 24 de Diciembre, Villa Grecia, Mocambo Arriba, Panam\u00e1 Viejo, Pedregal, El Naranjal, Santa Ana, Betania, Cerro Azul, Toc\u00famen, Las Cumbres, Ma\u00f1anitas, R\u00edo Abajo, Santa Rita, Curund\u00fa, Alcalde D\u00edaz, Pacora, Valle de San Francisco, Parque Lefevre, Alcalde D\u00edaz, La Cabima, \u00a0Villalobos, Villa C\u00e1rdenas, Vallecito, Villa Suira, Chilibre, Victoriano Lorenzo, Parar\u00e1 Puru, La Tranquilla, Boca la Caja, El Valle de San Francisco en Guna Nega, Ciudad Radial. <\/p>\n<p>\u00a0 <\/p>\n","protected":false},"excerpt":{"rendered":"<p>La fundaci\u00f3n San Francisco de As\u00eds (Fundasis) y la Alcald\u00eda <a href=\"https:\/\/sertv.gob.pa\/crisolfm\/jornada-de-esterilizacion-de-mascotas-en-chilibre\/\"> [&#8230;]<\/a><\/p>\n","protected":false},"author":1,"featured_media":8712,"comment_status":"closed","ping_status":"closed","sticky":false,"template":"","format":"standard","meta":{"footnotes":""},"categories":[7],"tags":[],"class_list":["post-8711","post","type-post","status-publish","format-standard","has-post-thumbnail","hentry","category-ecologicas"],"_links":{"self":[{"href":"https:\/\/sertv.gob.pa\/crisolfm\/wp-json\/wp\/v2\/posts\/8711","targetHints":{"allow":["GET"]}}],"collection":[{"href":"https:\/\/sertv.gob.pa\/crisolfm\/wp-json\/wp\/v2\/posts"}],"about":[{"href":"https:\/\/sertv.gob.pa\/crisolfm\/wp-json\/wp\/v2\/types\/post"}],"author":[{"embeddable":true,"href":"https:\/\/sertv.gob.pa\/crisolfm\/wp-json\/wp\/v2\/users\/1"}],"replies":[{"embeddable":true,"href":"https:\/\/sertv.gob.pa\/crisolfm\/wp-json\/wp\/v2\/comments?post=8711"}],"version-history":[{"count":0,"href":"https:\/\/sertv.gob.pa\/crisolfm\/wp-json\/wp\/v2\/posts\/8711\/revisions"}],"wp:featuredmedia":[{"embeddable":true,"href":"https:\/\/sertv.gob.pa\/crisolfm\/wp-json\/wp\/v2\/media\/8712"}],"wp:attachment":[{"href":"https:\/\/sertv.gob.pa\/crisolfm\/wp-json\/wp\/v2\/media?parent=8711"}],"wp:term":[{"taxonomy":"category","embeddable":true,"href":"https:\/\/sertv.gob.pa\/crisolfm\/wp-json\/wp\/v2\/categories?post=8711"},{"taxonomy":"post_tag","embeddable":true,"href":"https:\/\/sertv.gob.pa\/crisolfm\/wp-json\/wp\/v2\/tags?post=8711"}],"curies":[{"name":"wp","href":"https:\/\/api.w.org\/{rel}","templated":true}]}}