{"id":8713,"date":"2017-07-18T15:30:49","date_gmt":"2017-07-18T15:30:49","guid":{"rendered":""},"modified":"2017-07-18T15:30:49","modified_gmt":"2017-07-18T15:30:49","slug":"en-el-caribe-se-forma-la-tormenta-tropical-don","status":"publish","type":"post","link":"https:\/\/sertv.gob.pa\/crisolfm\/en-el-caribe-se-forma-la-tormenta-tropical-don\/","title":{"rendered":"En el Caribe se forma la tormenta tropical Don"},"content":{"rendered":"<p>\nEl Centro Nacional de Huracanes (CNH) de EE.UU. inform\u00f3 de la formaci\u00f3n de la\u00a0tormenta\u00a0tropical Don, la cuarta de esta temporada en el Atl\u00e1ntico, que est\u00e1 situada al este de la islas caribe\u00f1as de Barlovento y se mueve en direcci\u00f3n oeste a 17 millas por hora (28 km\/h). <\/p>\n<p>Las Barlovento son un archipi\u00e9lago situado al este de la cuenca del Mar Caribe, integrado por las islas septentrionales de las Peque\u00f1as Antillas. Algunas de las islas principales son Granada, Martinica, Santa Luc\u00eda, Barbados, Guadalupe, Dominica, Trinidad y Tobago. <\/p>\n<p>En el d\u00eda de ayer a las 21.00 GMT Don se hallaba a 485 millas (780 km) al este-sureste de Barbados y a unas 595 millas (955 km) de Trinidad y presentaba vientos m\u00e1ximos sostenidos de 40 millas por hora (65 km\/hora) con r\u00e1fagas de mayor velocidad. <\/p>\n<p>Hay ya advertencia de\u00a0tormenta\u00a0tropical para Granada y de vigilancia de\u00a0tormenta\u00a0tropical para Barbados, San Vicente y las Granadinas y Santa Luc\u00eda. <\/p>\n<p>El CNH indic\u00f3 que se espera que Don mantenga el rumbo actual hasta el mi\u00e9rcoles y que a medida que avance se vaya produciendo un descenso gradual de la velocidad de traslaci\u00f3n. <\/p>\n<p>El centro de Don de mover\u00e1 hacia las islas de Barlovento a \u00faltimas horas de este martes y no se prev\u00e9n cambios en la fuerza de los vientos en 48 horas. <\/p>\n<p>Pueden producirse acumulaci\u00f3n de agua por la lluvias de 2 a 4 pulgadas (5 a 10 cent\u00edmetros) en las islas de Barlovento hasta el mi\u00e9rcoles por la ma\u00f1ana. <\/p>\n<p>La primera\u00a0tormenta\u00a0tropical de 2017 fue Arlene, que se form\u00f3 en abril pasado en mitad del Atl\u00e1ntico, m\u00e1s de un mes antes del inicio de la temporada, y luego siguieron Bret y Cindy. <\/p>\n<p>La Administraci\u00f3n Nacional de Oc\u00e9anos y Atm\u00f3sfera de Estados Unidos (NOAA, por sus siglas en ingl\u00e9s) anunci\u00f3 el 25 de mayo que se prev\u00e9 una temporada de huracanes en el Atl\u00e1ntico con registros \u00abpor encima\u00bb de lo normal, con la formaci\u00f3n de 11 a 17 tormentas tropicales, de las cuales entre 5 y 9 se convertir\u00edan en huracanes y entre 2 y 4 ser\u00edan de categor\u00eda mayor. <\/p>\n<p>\u00a0 <\/p>\n","protected":false},"excerpt":{"rendered":"<p>El Centro Nacional de Huracanes (CNH) de EE.UU. inform\u00f3 de <a href=\"https:\/\/sertv.gob.pa\/crisolfm\/en-el-caribe-se-forma-la-tormenta-tropical-don\/\"> [&#8230;]<\/a><\/p>\n","protected":false},"author":1,"featured_media":8714,"comment_status":"closed","ping_status":"closed","sticky":false,"template":"","format":"standard","meta":{"footnotes":""},"categories":[7],"tags":[],"class_list":["post-8713","post","type-post","status-publish","format-standard","has-post-thumbnail","hentry","category-ecologicas"],"_links":{"self":[{"href":"https:\/\/sertv.gob.pa\/crisolfm\/wp-json\/wp\/v2\/posts\/8713","targetHints":{"allow":["GET"]}}],"collection":[{"href":"https:\/\/sertv.gob.pa\/crisolfm\/wp-json\/wp\/v2\/posts"}],"about":[{"href":"https:\/\/sertv.gob.pa\/crisolfm\/wp-json\/wp\/v2\/types\/post"}],"author":[{"embeddable":true,"href":"https:\/\/sertv.gob.pa\/crisolfm\/wp-json\/wp\/v2\/users\/1"}],"replies":[{"embeddable":true,"href":"https:\/\/sertv.gob.pa\/crisolfm\/wp-json\/wp\/v2\/comments?post=8713"}],"version-history":[{"count":0,"href":"https:\/\/sertv.gob.pa\/crisolfm\/wp-json\/wp\/v2\/posts\/8713\/revisions"}],"wp:featuredmedia":[{"embeddable":true,"href":"https:\/\/sertv.gob.pa\/crisolfm\/wp-json\/wp\/v2\/media\/8714"}],"wp:attachment":[{"href":"https:\/\/sertv.gob.pa\/crisolfm\/wp-json\/wp\/v2\/media?parent=8713"}],"wp:term":[{"taxonomy":"category","embeddable":true,"href":"https:\/\/sertv.gob.pa\/crisolfm\/wp-json\/wp\/v2\/categories?post=8713"},{"taxonomy":"post_tag","embeddable":true,"href":"https:\/\/sertv.gob.pa\/crisolfm\/wp-json\/wp\/v2\/tags?post=8713"}],"curies":[{"name":"wp","href":"https:\/\/api.w.org\/{rel}","templated":true}]}}