{"id":8723,"date":"2017-07-18T19:12:09","date_gmt":"2017-07-18T19:12:09","guid":{"rendered":""},"modified":"2017-07-18T19:12:09","modified_gmt":"2017-07-18T19:12:09","slug":"nueva-subespecie-de-mariposa-es-descubierta-en-guara","status":"publish","type":"post","link":"https:\/\/sertv.gob.pa\/crisolfm\/nueva-subespecie-de-mariposa-es-descubierta-en-guara\/","title":{"rendered":"Nueva subespecie de mariposa es descubierta en Guara"},"content":{"rendered":"<p>\nEl Gobierno de Arag\u00f3n ha informado de la presencia de ejemplares de una nueva subespecie de mariposa end\u00e9mica de la sierra de Guara, denominada Erebia lefebvrei Abosi. <\/p>\n<p>La Erebia lefebvrei es una mariposa end\u00e9mica de la pen\u00ednsula ib\u00e9rica que habita en los Picos de Europa, la sierra de la Demanda, la Rioja, el alto Pirineo y Guara, donde existe una peque\u00f1a poblaci\u00f3n totalmente aislada del resto. Gracias a este aislamiento, este n\u00facleo poblacional ha derivado en una subespecie propia y exclusiva de esta sierra prepirenaica. <\/p>\n<p>Los an\u00e1lisis gen\u00e9ticos realizados revelan que Erebia lefebvrei abosi lleva separada del resto de poblaciones entre 130.000 y 200.000 a\u00f1os, es decir, desde las glaciaciones del Cuaternario. Igualmente se ha estudiado su ecolog\u00eda y se ha destacado c\u00f3mo el cambio clim\u00e1tico puede hacerla desaparecer a medio plazo. <\/p>\n<p>El autor del estudio, el entom\u00f3logo aragon\u00e9s Enrique Murria, incide en el valor de esta subespecie como bioindicador del cambio clim\u00e1tico en el Pirineo aragon\u00e9s, donde muchas especies de mariposas que dependen de h\u00e1bitats alpinos pueden verse amenazadas por el incremento de las temperaturas, y por la repercusi\u00f3n que este fen\u00f3meno est\u00e1 teniendo sobre la flora, de la que dependen estrechamente para su supervivencia. <\/p>\n<p>El hallazgo se acaba de publicar en el n\u00famero 60 del Bolet\u00edn de la Sociedad Entomol\u00f3gica Aragonesa, que hace una descripci\u00f3n morfol\u00f3gica y gen\u00e9ticamente de la subespecie. El nombre de &#8216;Abosi&#8217; ha sido elegido en homenaje al naturalista Francisco Ab\u00f3s Castel, quien ha ocupado gran parte de su vida en el estudio de las mariposas de la provincia de Huesca, aportando infinidad de datos a la comunidad cient\u00edfica en diversas revistas especializadas. <\/p>\n<p>Con este tipo de trabajos, el Gobierno de Arag\u00f3n contribuye a la conservaci\u00f3n de los Espacios Naturales Protegidos y de su biodiversidad, que es el motivo principal por el que se declararon, sin dejar de lado el uso p\u00fablico y el desarrollo socioecon\u00f3mico del entorno, han indicado. <\/p>\n<p>\u00a0 <\/p>\n<p>\u00a0 <\/p>\n","protected":false},"excerpt":{"rendered":"<p>El Gobierno de Arag\u00f3n ha informado de la presencia de <a href=\"https:\/\/sertv.gob.pa\/crisolfm\/nueva-subespecie-de-mariposa-es-descubierta-en-guara\/\"> [&#8230;]<\/a><\/p>\n","protected":false},"author":1,"featured_media":8724,"comment_status":"closed","ping_status":"closed","sticky":false,"template":"","format":"standard","meta":{"footnotes":""},"categories":[7],"tags":[],"class_list":["post-8723","post","type-post","status-publish","format-standard","has-post-thumbnail","hentry","category-ecologicas"],"_links":{"self":[{"href":"https:\/\/sertv.gob.pa\/crisolfm\/wp-json\/wp\/v2\/posts\/8723","targetHints":{"allow":["GET"]}}],"collection":[{"href":"https:\/\/sertv.gob.pa\/crisolfm\/wp-json\/wp\/v2\/posts"}],"about":[{"href":"https:\/\/sertv.gob.pa\/crisolfm\/wp-json\/wp\/v2\/types\/post"}],"author":[{"embeddable":true,"href":"https:\/\/sertv.gob.pa\/crisolfm\/wp-json\/wp\/v2\/users\/1"}],"replies":[{"embeddable":true,"href":"https:\/\/sertv.gob.pa\/crisolfm\/wp-json\/wp\/v2\/comments?post=8723"}],"version-history":[{"count":0,"href":"https:\/\/sertv.gob.pa\/crisolfm\/wp-json\/wp\/v2\/posts\/8723\/revisions"}],"wp:featuredmedia":[{"embeddable":true,"href":"https:\/\/sertv.gob.pa\/crisolfm\/wp-json\/wp\/v2\/media\/8724"}],"wp:attachment":[{"href":"https:\/\/sertv.gob.pa\/crisolfm\/wp-json\/wp\/v2\/media?parent=8723"}],"wp:term":[{"taxonomy":"category","embeddable":true,"href":"https:\/\/sertv.gob.pa\/crisolfm\/wp-json\/wp\/v2\/categories?post=8723"},{"taxonomy":"post_tag","embeddable":true,"href":"https:\/\/sertv.gob.pa\/crisolfm\/wp-json\/wp\/v2\/tags?post=8723"}],"curies":[{"name":"wp","href":"https:\/\/api.w.org\/{rel}","templated":true}]}}